{"id":759,"date":"2020-09-25T19:39:46","date_gmt":"2020-09-25T22:39:46","guid":{"rendered":"http:\/\/www.medicinafamiliar.cl\/mf\/wordpress\/?p=759"},"modified":"2020-09-25T19:52:51","modified_gmt":"2020-09-25T22:52:51","slug":"curso-audiologia-basica-para-profesionales-de-la-salud-en-atencion-primaria-facultad-medicina-uc","status":"publish","type":"post","link":"https:\/\/www.medicinafamiliar.cl\/mf\/wordpress\/2020\/09\/25\/curso-audiologia-basica-para-profesionales-de-la-salud-en-atencion-primaria-facultad-medicina-uc\/","title":{"rendered":"Curso Audiolog\u00eda B\u00e1sica para Profesionales de la Salud en Atenci\u00f3n Primaria &#8211; Facultad Medicina UC"},"content":{"rendered":"<p style=\"text-align: justify;\">Este curso realizado por la <strong>Facultad de Medicina de la Pontificia Universidad Cat\u00f3lica<\/strong>, busca entregar las bases de la anatom\u00eda y fisiolog\u00eda de la audici\u00f3n, describir las pruebas auditivas com\u00fanmente utilizadas y presentar los diagn\u00f3sticos diferenciales m\u00e1s frecuentes de hipoacusia para los profesionales de la salud no especialistas en otorrinolaringolog\u00eda que se desempe\u00f1an en el nivel primario.<\/p>\n<p style=\"text-align: justify;\"><strong>Dirigido a: <\/strong>M\u00e9dicos generales, m\u00e9dicos de familia, m\u00e9dicos internistas, psic\u00f3logos, enfermeros, y otros profesionales de la salud que se desempe\u00f1en en nivel primario de atenci\u00f3n.<br \/>\n<strong>Duraci\u00f3n: <\/strong>20 horas.<br \/>\n<strong>Fechas:<\/strong> Del 29 de Septiembre al 3 de noviembre 2020.<br \/>\n<strong>Modalidad: <\/strong>E-LEARNING Sesiones l\u00ednea v\u00eda streaming por la plataforma Zoom, an\u00e1lisis de casos, y lectura de textos complementarios.<\/p>\n<p style=\"text-align: justify;\"><strong>Jefa Programa:<\/strong> <em><strong>Sofia Waissbluth,<\/strong><\/em> MD PhD M\u00e9dico cirujano especialista en Otorrinolaringologia, Red de Salud UC CHRISTUS. Investigador adjunto UC, Departamento de Otorrinolaringologia, Pontificia Universidad Cat\u00f3lica de Chile Doctorado en cirug\u00eda experimental, con especializaci\u00f3n en p\u00e9rdida auditiva por quimioterapia de la Universidad de McGill, Canad\u00e1.<\/p>\n<p><span style=\"color: #ff0000;\"><strong>Para los Socios SOCHIMEF hay un 15% de descuento.<\/strong> <\/span><\/p>\n<p>M\u00e1s informaci\u00f3n ac\u00e1: <a href=\"http:\/\/educacioncontinua.uc.cl\/39451-ficha-nuevo-audiologia-basica-para-profesionales-de-la-salud-en-atencion-primaria\" target=\"_blank\" rel=\"noopener noreferrer\"><span style=\"color: #000080;\"><strong>Curso Audiolog\u00eda B\u00e1sica<\/strong><\/span><\/a><\/p>\n<p><strong>Contacto:<\/strong><br \/>\nIsabel Margarita Irribarra<br \/>\nisabel.irribarra@uc.cl<br \/>\n+569 51288252<\/p>\n","protected":false},"excerpt":{"rendered":"<p>.<\/p>\n","protected":false},"author":1,"featured_media":765,"comment_status":"closed","ping_status":"closed","sticky":false,"template":"","format":"standard","meta":{"footnotes":""},"categories":[161,3],"tags":[172,169,56,170,171,173],"class_list":["post-759","post","type-post","status-publish","format-standard","has-post-thumbnail","hentry","category-otros-cursos","category-portada","tag-anatomia-audicion","tag-audiologia","tag-curso","tag-curso-audiologia-basica","tag-curso-uc","tag-fisiologia-audicion"],"_links":{"self":[{"href":"https:\/\/www.medicinafamiliar.cl\/mf\/wordpress\/wp-json\/wp\/v2\/posts\/759","targetHints":{"allow":["GET"]}}],"collection":[{"href":"https:\/\/www.medicinafamiliar.cl\/mf\/wordpress\/wp-json\/wp\/v2\/posts"}],"about":[{"href":"https:\/\/www.medicinafamiliar.cl\/mf\/wordpress\/wp-json\/wp\/v2\/types\/post"}],"author":[{"embeddable":true,"href":"https:\/\/www.medicinafamiliar.cl\/mf\/wordpress\/wp-json\/wp\/v2\/users\/1"}],"replies":[{"embeddable":true,"href":"https:\/\/www.medicinafamiliar.cl\/mf\/wordpress\/wp-json\/wp\/v2\/comments?post=759"}],"version-history":[{"count":8,"href":"https:\/\/www.medicinafamiliar.cl\/mf\/wordpress\/wp-json\/wp\/v2\/posts\/759\/revisions"}],"predecessor-version":[{"id":769,"href":"https:\/\/www.medicinafamiliar.cl\/mf\/wordpress\/wp-json\/wp\/v2\/posts\/759\/revisions\/769"}],"wp:featuredmedia":[{"embeddable":true,"href":"https:\/\/www.medicinafamiliar.cl\/mf\/wordpress\/wp-json\/wp\/v2\/media\/765"}],"wp:attachment":[{"href":"https:\/\/www.medicinafamiliar.cl\/mf\/wordpress\/wp-json\/wp\/v2\/media?parent=759"}],"wp:term":[{"taxonomy":"category","embeddable":true,"href":"https:\/\/www.medicinafamiliar.cl\/mf\/wordpress\/wp-json\/wp\/v2\/categories?post=759"},{"taxonomy":"post_tag","embeddable":true,"href":"https:\/\/www.medicinafamiliar.cl\/mf\/wordpress\/wp-json\/wp\/v2\/tags?post=759"}],"curies":[{"name":"wp","href":"https:\/\/api.w.org\/{rel}","templated":true}]}}