{"id":5365,"date":"2025-12-16T18:10:41","date_gmt":"2025-12-16T22:10:41","guid":{"rendered":"https:\/\/www.medicinafamiliar.cl\/mf\/wordpress\/?p=5365"},"modified":"2025-12-16T18:10:42","modified_gmt":"2025-12-16T22:10:42","slug":"campana-de-verano-2026-recomendaciones-para-prevenir-incendios-forestales-y-prepararse-en-zonas-rurales","status":"publish","type":"post","link":"https:\/\/www.medicinafamiliar.cl\/mf\/wordpress\/2025\/12\/16\/campana-de-verano-2026-recomendaciones-para-prevenir-incendios-forestales-y-prepararse-en-zonas-rurales\/","title":{"rendered":"Campa\u00f1a de Verano 2026: recomendaciones para prevenir incendios forestales y prepararse en zonas rurales"},"content":{"rendered":"<p>Durante la temporada estival, el riesgo de incendios forestales aumenta significativamente en diversas zonas del pa\u00eds, especialmente en sectores rurales donde confluyen altas temperaturas, d\u00e9ficit h\u00eddrico y extensas plantaciones forestales.<\/p>\n<p>En el marco de la Campa\u00f1a de Verano 2025\u20132026 impulsada por el Ministerio de Salud, la Sociedad Chilena de Medicina Familiar (SOCHIMEF) entrega orientaciones para que las familias que viven en territorios apartados puedan enfrentar los meses de mayor calor con mayor seguridad.<\/p>\n<p>La doctora In\u00e9s Alcam\u00e1n, m\u00e9dica familiar del CESFAM Lumaco y miembro de SOCHIMEF, explica que comunidades como Lumaco, Pur\u00e9n, Los Sauces y Traigu\u00e9n conviven cada verano con una amenaza permanente debido a la combinaci\u00f3n de monocultivos de pinos y eucaliptus y la escasez de agua. \u201cQuienes vivimos en zonas rurales sabemos que los incendios forestales son una amenaza constante durante el verano, y por eso la prevenci\u00f3n es responsabilidad de todos\u201d, se\u00f1ala.<\/p>\n<p><strong>Acceso al agua: una necesidad cr\u00edtica<br \/>\n<\/strong>Una de las recomendaciones m\u00e1s relevantes es asegurar disponibilidad de agua en caso de corte de luz, situaci\u00f3n muy frecuente durante incendios debido a que muchas viviendas dependen de pozos profundos con bombas el\u00e9ctricas.<\/p>\n<p>La doctora Alcam\u00e1n aconseja mantener un estanque domiciliario con suficiente reserva: \u201cLo ideal es contar con un estanque de 500 a 1.000 litros. Cuando ocurre un incendio, se corta la luz y nos quedamos sin agua, por eso es fundamental tener una reserva disponible para hidrataci\u00f3n, higiene y cuidado de los animales\u201d, indica.<\/p>\n<p>Asimismo, enfatiza que el abastecimiento de agua debe coordinarse tempranamente con los municipios durante el verano para asegurar que las familias m\u00e1s alejadas cuenten con el respaldo necesario.<\/p>\n<p><strong>Preparaci\u00f3n para evacuaci\u00f3n y tratamientos<br \/>\n<\/strong>La especialista tambi\u00e9n subraya la importancia de contar con una mochila de emergencia que incluya documentos personales, insumos b\u00e1sicos y los medicamentos de uso cr\u00f3nico.<br \/>\n\u201cLos pacientes diab\u00e9ticos, hipertensos y quienes tienen enfermedades cr\u00f3nicas deben mantener sus medicamentos y su carnet de control en la mochila. Evita descompensaciones y facilita la atenci\u00f3n si deben evacuar\u201d, precisa.<\/p>\n<p>Para hogares con personas mayores, la recomendaci\u00f3n es clara: nunca dejar a un adulto mayor solo durante una emergencia y asegurar que siempre haya un cuidador designado.<\/p>\n<p>Otra medida clave es mantener los tel\u00e9fonos cargados para recibir alertas de SENAPRED, considerando que en muchas zonas rurales los cortes de luz pueden prolongarse por varios d\u00edas. A ello se suma la importancia de mantener actualizados los datos en el CESFAM y en la municipalidad: \u201cActualizar la ficha de protecci\u00f3n social y los domicilios es esencial para que los equipos de salud y de emergencia sepan d\u00f3nde estamos y puedan apoyar\u201d, dice.<\/p>\n<p><strong>Medidas de prevenci\u00f3n en el entorno<br \/>\n<\/strong><span style=\"font-size: revert; color: initial;\">La doctora Alcam\u00e1n recuerda que los cortes de fuego deben realizarse durante la primavera, entre octubre y noviembre, y no una vez iniciado el verano. Tambi\u00e9n recomienda que cada familia identifique previamente las zonas seguras y rutas de escape disponibles en su comunidad. \u201cCada localidad tiene rutas de evacuaci\u00f3n particulares. Conocerlas antes de una emergencia hace una diferencia enorme cuando hay que actuar r\u00e1pido\u201d, se\u00f1ala.<\/span><\/p>\n<p>Finalmente, advierte que el verano de 2023 dej\u00f3 una experiencia dolorosa en La Araucan\u00eda, marcada por incendios de gran magnitud. \u201cEspero que este a\u00f1o, con prevenci\u00f3n, conocimiento y experiencia, podamos manejar mejor esta amenaza y evitar tragedias como las que ya hemos vivido\u201d, afirma.<\/p>\n","protected":false},"excerpt":{"rendered":"<p>.<\/p>\n","protected":false},"author":1,"featured_media":5366,"comment_status":"closed","ping_status":"closed","sticky":false,"template":"","format":"standard","meta":{"footnotes":""},"categories":[133,2,3],"tags":[14,20,959,958,25,18,24],"class_list":["post-5365","post","type-post","status-publish","format-standard","has-post-thumbnail","hentry","category-articulos-sochimef","category-noticias","category-portada","tag-aps","tag-atencion-primaria","tag-campana-verano-2026","tag-incendios-forestales","tag-medicina-familiar","tag-mf","tag-sochimef"],"_links":{"self":[{"href":"https:\/\/www.medicinafamiliar.cl\/mf\/wordpress\/wp-json\/wp\/v2\/posts\/5365","targetHints":{"allow":["GET"]}}],"collection":[{"href":"https:\/\/www.medicinafamiliar.cl\/mf\/wordpress\/wp-json\/wp\/v2\/posts"}],"about":[{"href":"https:\/\/www.medicinafamiliar.cl\/mf\/wordpress\/wp-json\/wp\/v2\/types\/post"}],"author":[{"embeddable":true,"href":"https:\/\/www.medicinafamiliar.cl\/mf\/wordpress\/wp-json\/wp\/v2\/users\/1"}],"replies":[{"embeddable":true,"href":"https:\/\/www.medicinafamiliar.cl\/mf\/wordpress\/wp-json\/wp\/v2\/comments?post=5365"}],"version-history":[{"count":1,"href":"https:\/\/www.medicinafamiliar.cl\/mf\/wordpress\/wp-json\/wp\/v2\/posts\/5365\/revisions"}],"predecessor-version":[{"id":5367,"href":"https:\/\/www.medicinafamiliar.cl\/mf\/wordpress\/wp-json\/wp\/v2\/posts\/5365\/revisions\/5367"}],"wp:featuredmedia":[{"embeddable":true,"href":"https:\/\/www.medicinafamiliar.cl\/mf\/wordpress\/wp-json\/wp\/v2\/media\/5366"}],"wp:attachment":[{"href":"https:\/\/www.medicinafamiliar.cl\/mf\/wordpress\/wp-json\/wp\/v2\/media?parent=5365"}],"wp:term":[{"taxonomy":"category","embeddable":true,"href":"https:\/\/www.medicinafamiliar.cl\/mf\/wordpress\/wp-json\/wp\/v2\/categories?post=5365"},{"taxonomy":"post_tag","embeddable":true,"href":"https:\/\/www.medicinafamiliar.cl\/mf\/wordpress\/wp-json\/wp\/v2\/tags?post=5365"}],"curies":[{"name":"wp","href":"https:\/\/api.w.org\/{rel}","templated":true}]}}