{"id":5084,"date":"2025-05-26T19:34:09","date_gmt":"2025-05-26T23:34:09","guid":{"rendered":"https:\/\/www.medicinafamiliar.cl\/mf\/wordpress\/?p=5084"},"modified":"2025-05-28T14:57:32","modified_gmt":"2025-05-28T18:57:32","slug":"jornadas-de-reflexion-en-temas-de-bioetica-para-la-atencion-primaria","status":"publish","type":"post","link":"https:\/\/www.medicinafamiliar.cl\/mf\/wordpress\/2025\/05\/26\/jornadas-de-reflexion-en-temas-de-bioetica-para-la-atencion-primaria\/","title":{"rendered":"Jornadas de reflexi\u00f3n en temas de Bio\u00e9tica para la Atenci\u00f3n Primaria"},"content":{"rendered":"<p><span style=\"color: #ff0000;\"><strong>Inscripciones Cerradas<\/strong><\/span><br \/><br \/><strong>Organizado por el grupo de trabajo de Bio\u00e9tica-SOCHIMEF Coordinadora. Dra. Carmen Nadal Agost.<\/strong><\/p>\n<h3>\u00a01a. Jornada: <br \/>&#8220;Eutanasia en la pr\u00e1ctica: Reflexiones y experiencias desde la Medicina Familiar&#8221;<br \/><strong>S\u00e1bado 14 de junio del 2025 Horario: 9:30-11.30 am<\/strong><\/h3>\n<h4>Actividad gratuita. Con cupos limitados.<br \/>Evento on line certificado con 6 horas: 2 directas online y 4 indirectas de revisi\u00f3n de material de lectura y realizaci\u00f3n de test de selecci\u00f3n m\u00faltiple.<\/h4>\n<p><strong>Expositor invitado: Dr. Albert Planes Magriny\u00e0<\/strong><br \/>Por su destacada trayectoria en la Atenci\u00f3n Primaria, especialmente en Catalu\u00f1a. Past President de SemFYC y CAMFiC. M\u00e9dico referente en el tema de la Ley de Regulaci\u00f3n de la Eutanasia en Catalu\u00f1a. Integra el grupo de \u00e9tica de la Sociedad Catalana de Medicina Familia.<\/p>\n<p><strong>Modera: Dra. Paola Briones<\/strong><br \/>Miembro del GT en Bio\u00e9tica y referente de Seguridad del Paciente del Departamento de Calidad, Humanizaci\u00f3n y Seguridad del SSMSO. Miembro del Comit\u00e9 de \u00e9tica Asistencial APS-Puente Alto.<\/p>\n\n<hr>\n\n\n<iframe loading=\"lazy\" width=\"560\" height=\"315\" src=\"https:\/\/www.youtube.com\/embed\/dJBA0o0qAJA?si=UK182328kKXMoAZz\" title=\"YouTube video player\" frameborder=\"0\" allow=\"accelerometer; autoplay; clipboard-write; encrypted-media; gyroscope; picture-in-picture; web-share\" referrerpolicy=\"strict-origin-when-cross-origin\" allowfullscreen=\"\"><\/iframe>\n\n\n\n<figure class=\"wp-block-image size-full\"><img loading=\"lazy\" decoding=\"async\" width=\"960\" height=\"934\" src=\"https:\/\/www.medicinafamiliar.cl\/mf\/wordpress\/wp-content\/uploads\/2025\/05\/IMG_0648.jpeg\" alt=\"\" class=\"wp-image-5094\" srcset=\"https:\/\/www.medicinafamiliar.cl\/mf\/wordpress\/wp-content\/uploads\/2025\/05\/IMG_0648.jpeg 960w, https:\/\/www.medicinafamiliar.cl\/mf\/wordpress\/wp-content\/uploads\/2025\/05\/IMG_0648-300x292.jpeg 300w, https:\/\/www.medicinafamiliar.cl\/mf\/wordpress\/wp-content\/uploads\/2025\/05\/IMG_0648-768x747.jpeg 768w, https:\/\/www.medicinafamiliar.cl\/mf\/wordpress\/wp-content\/uploads\/2025\/05\/IMG_0648-370x360.jpeg 370w, https:\/\/www.medicinafamiliar.cl\/mf\/wordpress\/wp-content\/uploads\/2025\/05\/IMG_0648-270x263.jpeg 270w, https:\/\/www.medicinafamiliar.cl\/mf\/wordpress\/wp-content\/uploads\/2025\/05\/IMG_0648-570x555.jpeg 570w, https:\/\/www.medicinafamiliar.cl\/mf\/wordpress\/wp-content\/uploads\/2025\/05\/IMG_0648-740x720.jpeg 740w\" sizes=\"auto, (max-width: 960px) 100vw, 960px\" \/><\/figure>\n","protected":false},"excerpt":{"rendered":"<p>\u00a01a. Jornada:<br \/>\n&#8220;Eutanasia en la pr\u00e1ctica: Reflexiones y experiencias desde la Medicina Familiar&#8221;<br \/>\nS\u00e1bado 14 de junio del 2025 Horario: 9:30-11.30 am<\/p>\n","protected":false},"author":1,"featured_media":5088,"comment_status":"closed","ping_status":"closed","sticky":false,"template":"","format":"standard","meta":{"footnotes":""},"categories":[7,2,3],"tags":[14,20,386,940,25,18,24],"class_list":["post-5084","post","type-post","status-publish","format-standard","has-post-thumbnail","hentry","category-jornada","category-noticias","category-portada","tag-aps","tag-atencion-primaria","tag-bioetica","tag-bioetica-en-aps","tag-medicina-familiar","tag-mf","tag-sochimef"],"_links":{"self":[{"href":"https:\/\/www.medicinafamiliar.cl\/mf\/wordpress\/wp-json\/wp\/v2\/posts\/5084","targetHints":{"allow":["GET"]}}],"collection":[{"href":"https:\/\/www.medicinafamiliar.cl\/mf\/wordpress\/wp-json\/wp\/v2\/posts"}],"about":[{"href":"https:\/\/www.medicinafamiliar.cl\/mf\/wordpress\/wp-json\/wp\/v2\/types\/post"}],"author":[{"embeddable":true,"href":"https:\/\/www.medicinafamiliar.cl\/mf\/wordpress\/wp-json\/wp\/v2\/users\/1"}],"replies":[{"embeddable":true,"href":"https:\/\/www.medicinafamiliar.cl\/mf\/wordpress\/wp-json\/wp\/v2\/comments?post=5084"}],"version-history":[{"count":9,"href":"https:\/\/www.medicinafamiliar.cl\/mf\/wordpress\/wp-json\/wp\/v2\/posts\/5084\/revisions"}],"predecessor-version":[{"id":5097,"href":"https:\/\/www.medicinafamiliar.cl\/mf\/wordpress\/wp-json\/wp\/v2\/posts\/5084\/revisions\/5097"}],"wp:featuredmedia":[{"embeddable":true,"href":"https:\/\/www.medicinafamiliar.cl\/mf\/wordpress\/wp-json\/wp\/v2\/media\/5088"}],"wp:attachment":[{"href":"https:\/\/www.medicinafamiliar.cl\/mf\/wordpress\/wp-json\/wp\/v2\/media?parent=5084"}],"wp:term":[{"taxonomy":"category","embeddable":true,"href":"https:\/\/www.medicinafamiliar.cl\/mf\/wordpress\/wp-json\/wp\/v2\/categories?post=5084"},{"taxonomy":"post_tag","embeddable":true,"href":"https:\/\/www.medicinafamiliar.cl\/mf\/wordpress\/wp-json\/wp\/v2\/tags?post=5084"}],"curies":[{"name":"wp","href":"https:\/\/api.w.org\/{rel}","templated":true}]}}