{"id":5051,"date":"2025-05-08T17:09:29","date_gmt":"2025-05-08T21:09:29","guid":{"rendered":"https:\/\/www.medicinafamiliar.cl\/mf\/wordpress\/?p=5051"},"modified":"2025-05-08T17:10:28","modified_gmt":"2025-05-08T21:10:28","slug":"ii-jornada-de-medicos-de-familia-de-nuble-2025-una-mirada-de-chile-y-nuble-medicos-de-familia-compartiendo-experiencias","status":"publish","type":"post","link":"https:\/\/www.medicinafamiliar.cl\/mf\/wordpress\/2025\/05\/08\/ii-jornada-de-medicos-de-familia-de-nuble-2025-una-mirada-de-chile-y-nuble-medicos-de-familia-compartiendo-experiencias\/","title":{"rendered":"II Jornada de M\u00e9dicos de Familia de \u00d1uble 2025 \u201cUna mirada de Chile y \u00d1uble M\u00e9dicos de Familia compartiendo experiencias\u201d"},"content":{"rendered":"<p style=\"text-align: justify;\">La Direcci\u00f3n de Atenci\u00f3n Primaria de Salud del Servicio de Salud de \u00d1uble, tiene el agrado de invitar a participar de la II Jornada de M\u00e9dicos de Familia de \u00d1uble 2025, cuyo lema es <strong>\u201cUna mirada de Chile y \u00d1uble M\u00e9dicos de Familia compartiendo experiencias\u201d<\/strong>, que se realizar\u00e1 el jueves 15 de mayo, de 08:30 a 13:10 horas, en el auditorio <strong>Jos\u00e9 Su\u00e1rez Fanjul<\/strong> de la <strong>Universidad de Concepci\u00f3n, Av. Vicente M\u00e9ndez 595, Chill\u00e1n, \u00d1uble.<\/strong><\/p>\n<p style=\"text-align: justify;\">En esta instancia, organizada por m\u00e9dicos de familia de nuestra red, en el marco del <strong>D\u00eda Internacional de la Medicina Familiar, <\/strong>contaremos con expositores referentes de la DIVAP, Universidad de Concepci\u00f3n y Servicio de Salud \u00d1uble. <strong>\u201cM\u00e9dicos de Familia compartiendo experiencias\u201d<\/strong><\/p>\n<p>Ver programa: <span style=\"color: #0000ff;\"><strong><a style=\"color: #0000ff;\" href=\"http:\/\/www.medicinafamiliar.cl\/mf\/wordpress\/wp-content\/uploads\/2025\/05\/Programa-Jornada-MdF-2025-1.pdf\" target=\"_blank\" rel=\"noreferrer noopener\" data-type=\"URL\" data-id=\"http:\/\/www.medicinafamiliar.cl\/mf\/wordpress\/wp-content\/uploads\/2025\/05\/Programa-Jornada-MdF-2025-1.pdf\">Programa II Jormada M\u00e9dicos Familiares \u00d1uble<\/a><\/strong><\/span><\/p>\n\n\n<figure class=\"wp-block-image size-large\"><img loading=\"lazy\" decoding=\"async\" width=\"724\" height=\"1024\" src=\"https:\/\/www.medicinafamiliar.cl\/mf\/wordpress\/wp-content\/uploads\/2025\/05\/flayer-webinar-jornada-mdf-nuble-2025_-724x1024.png\" alt=\"\" class=\"wp-image-5055\" srcset=\"https:\/\/www.medicinafamiliar.cl\/mf\/wordpress\/wp-content\/uploads\/2025\/05\/flayer-webinar-jornada-mdf-nuble-2025_-724x1024.png 724w, https:\/\/www.medicinafamiliar.cl\/mf\/wordpress\/wp-content\/uploads\/2025\/05\/flayer-webinar-jornada-mdf-nuble-2025_-212x300.png 212w, https:\/\/www.medicinafamiliar.cl\/mf\/wordpress\/wp-content\/uploads\/2025\/05\/flayer-webinar-jornada-mdf-nuble-2025_-768x1086.png 768w, https:\/\/www.medicinafamiliar.cl\/mf\/wordpress\/wp-content\/uploads\/2025\/05\/flayer-webinar-jornada-mdf-nuble-2025_-1086x1536.png 1086w, https:\/\/www.medicinafamiliar.cl\/mf\/wordpress\/wp-content\/uploads\/2025\/05\/flayer-webinar-jornada-mdf-nuble-2025_-1448x2048.png 1448w, https:\/\/www.medicinafamiliar.cl\/mf\/wordpress\/wp-content\/uploads\/2025\/05\/flayer-webinar-jornada-mdf-nuble-2025_-370x523.png 370w, https:\/\/www.medicinafamiliar.cl\/mf\/wordpress\/wp-content\/uploads\/2025\/05\/flayer-webinar-jornada-mdf-nuble-2025_-270x382.png 270w, https:\/\/www.medicinafamiliar.cl\/mf\/wordpress\/wp-content\/uploads\/2025\/05\/flayer-webinar-jornada-mdf-nuble-2025_-570x806.png 570w, https:\/\/www.medicinafamiliar.cl\/mf\/wordpress\/wp-content\/uploads\/2025\/05\/flayer-webinar-jornada-mdf-nuble-2025_-740x1047.png 740w, https:\/\/www.medicinafamiliar.cl\/mf\/wordpress\/wp-content\/uploads\/2025\/05\/flayer-webinar-jornada-mdf-nuble-2025_.png 1587w\" sizes=\"auto, (max-width: 724px) 100vw, 724px\" \/><\/figure>\n","protected":false},"excerpt":{"rendered":"<p>.<\/p>\n","protected":false},"author":1,"featured_media":5054,"comment_status":"closed","ping_status":"closed","sticky":false,"template":"","format":"standard","meta":{"footnotes":""},"categories":[7,2,3],"tags":[14,20,935,25,18,24],"class_list":["post-5051","post","type-post","status-publish","format-standard","has-post-thumbnail","hentry","category-jornada","category-noticias","category-portada","tag-aps","tag-atencion-primaria","tag-ii-jornada-de-medicos-de-familia-de-nuble","tag-medicina-familiar","tag-mf","tag-sochimef"],"_links":{"self":[{"href":"https:\/\/www.medicinafamiliar.cl\/mf\/wordpress\/wp-json\/wp\/v2\/posts\/5051","targetHints":{"allow":["GET"]}}],"collection":[{"href":"https:\/\/www.medicinafamiliar.cl\/mf\/wordpress\/wp-json\/wp\/v2\/posts"}],"about":[{"href":"https:\/\/www.medicinafamiliar.cl\/mf\/wordpress\/wp-json\/wp\/v2\/types\/post"}],"author":[{"embeddable":true,"href":"https:\/\/www.medicinafamiliar.cl\/mf\/wordpress\/wp-json\/wp\/v2\/users\/1"}],"replies":[{"embeddable":true,"href":"https:\/\/www.medicinafamiliar.cl\/mf\/wordpress\/wp-json\/wp\/v2\/comments?post=5051"}],"version-history":[{"count":4,"href":"https:\/\/www.medicinafamiliar.cl\/mf\/wordpress\/wp-json\/wp\/v2\/posts\/5051\/revisions"}],"predecessor-version":[{"id":5058,"href":"https:\/\/www.medicinafamiliar.cl\/mf\/wordpress\/wp-json\/wp\/v2\/posts\/5051\/revisions\/5058"}],"wp:featuredmedia":[{"embeddable":true,"href":"https:\/\/www.medicinafamiliar.cl\/mf\/wordpress\/wp-json\/wp\/v2\/media\/5054"}],"wp:attachment":[{"href":"https:\/\/www.medicinafamiliar.cl\/mf\/wordpress\/wp-json\/wp\/v2\/media?parent=5051"}],"wp:term":[{"taxonomy":"category","embeddable":true,"href":"https:\/\/www.medicinafamiliar.cl\/mf\/wordpress\/wp-json\/wp\/v2\/categories?post=5051"},{"taxonomy":"post_tag","embeddable":true,"href":"https:\/\/www.medicinafamiliar.cl\/mf\/wordpress\/wp-json\/wp\/v2\/tags?post=5051"}],"curies":[{"name":"wp","href":"https:\/\/api.w.org\/{rel}","templated":true}]}}