{"id":4838,"date":"2025-01-16T16:04:01","date_gmt":"2025-01-16T20:04:01","guid":{"rendered":"https:\/\/www.medicinafamiliar.cl\/mf\/wordpress\/?p=4838"},"modified":"2025-01-16T17:43:57","modified_gmt":"2025-01-16T21:43:57","slug":"vi-jornada-de-salud-familiar-de-vina-del-mar","status":"publish","type":"post","link":"https:\/\/www.medicinafamiliar.cl\/mf\/wordpress\/2025\/01\/16\/vi-jornada-de-salud-familiar-de-vina-del-mar\/","title":{"rendered":"VI Jornada de salud familiar de Vi\u00f1a del Mar"},"content":{"rendered":"<p>Desde Vi\u00f1a del Mar, nuestra socia<strong> Dra. Karina Villarroel Milesi<\/strong>, relata experiencia de jornada de salud familiar patrocinada por SOCHIMEF.<\/p>\n<p>El mi\u00e9rcoles 11 de diciembre, compartimos una interesante Jornada de salud Familiar en la ciudad jard\u00edn, organizada por el \u00e1rea de salud de la Corporaci\u00f3n Municipal Vi\u00f1a del Mar y patrocinada por la Sociedad Chilena de Medicina Familiar y el Colegio M\u00e9dico consejo regional Valpara\u00edso.<\/p>\n<p>Esta actividad dirigida a funcionarios y representantes de la comunidad vi\u00f1amarina, cont\u00f3 con excelentes expositores que abordaron temas relacionados a la nueva orientaci\u00f3n t\u00e9cnica del modelo de salud familiar y comunitario (MAIS), a la gesti\u00f3n de equipos en la Estrategia de cuidados integrales centrada en las personas (ECICEP), la toma de decisiones compartidas, la realizaci\u00f3n de consejer\u00edas familiares did\u00e1cticas, la gesti\u00f3n de riesgos de emergencias y desastres con una mirada desde APS en la experiencia de cat\u00e1strofes en la ciudad. Durante la tarde, iniciamos con estrategias de reflexi\u00f3n-acci\u00f3n en salud comunitaria, enfocada en buenas pr\u00e1cticas locales como: el abordaje de la vivencia del dolor cr\u00f3nico a trav\u00e9s de la medicina integrativa, la metodolog\u00eda de Story- telling y la creaci\u00f3n de un libro titulado \u201cfamilia cu\u00e9ntame tu historia\u201d que recoge las historias de algunas personas que vivenciaron el megaincendio; la iniciativa \u201cconociendo mi entorno\u201d que vincula a la infancia con grupos medio ambientalistas para promover el cuidado de la naturaleza que rodea su barrio, aprovechando de fomentar la actividad f\u00edsica; y talleres de envejecimiento activo, para miembros de grupos de adultos mayores. Finalmente cerramos con una charla sobre la medicina del estilo de vida y su importancia en los procesos de promoci\u00f3n de la salud y prevenci\u00f3n de enfermedades.<\/p>\n<p style=\"text-align: justify;\">Desde Vi\u00f1a del Mar, esperamos esta sea la primera de muchas instancias de colaboraci\u00f3n con la sociedad para revisar y compartir nuestro quehacer en la Atenci\u00f3n primaria de salud.<\/p>\n<p style=\"text-align: right;\"><em><strong>Dra. Karina Villarroel Milesi<br><\/strong><strong>M\u00e9dico de familia<br><\/strong><strong>Referente del Modelo de salud familiar y comunitaria<br><\/strong><strong>Corporaci\u00f3n Municipal Vi\u00f1a del Mar<\/strong><\/em><\/p>\n\n\n<figure class=\"wp-block-gallery has-nested-images columns-2 is-cropped wp-block-gallery-1 is-layout-flex wp-block-gallery-is-layout-flex\">\n<figure class=\"wp-block-image size-large\"><a href=\"https:\/\/www.medicinafamiliar.cl\/mf\/wordpress\/wp-content\/uploads\/2025\/01\/sochimef-iv-jornada-mf-vina-del-mar-02.jpg\" target=\"_blank\" rel=\"noopener\"><img loading=\"lazy\" decoding=\"async\" width=\"760\" height=\"570\" data-id=\"4844\" src=\"http:\/\/www.medicinafamiliar.cl\/mf\/wordpress\/wp-content\/uploads\/2025\/01\/sochimef-iv-jornada-mf-vina-del-mar-02.jpg\" alt=\"\" class=\"wp-image-4844\" srcset=\"https:\/\/www.medicinafamiliar.cl\/mf\/wordpress\/wp-content\/uploads\/2025\/01\/sochimef-iv-jornada-mf-vina-del-mar-02.jpg 760w, https:\/\/www.medicinafamiliar.cl\/mf\/wordpress\/wp-content\/uploads\/2025\/01\/sochimef-iv-jornada-mf-vina-del-mar-02-300x225.jpg 300w, https:\/\/www.medicinafamiliar.cl\/mf\/wordpress\/wp-content\/uploads\/2025\/01\/sochimef-iv-jornada-mf-vina-del-mar-02-370x278.jpg 370w, https:\/\/www.medicinafamiliar.cl\/mf\/wordpress\/wp-content\/uploads\/2025\/01\/sochimef-iv-jornada-mf-vina-del-mar-02-270x203.jpg 270w, https:\/\/www.medicinafamiliar.cl\/mf\/wordpress\/wp-content\/uploads\/2025\/01\/sochimef-iv-jornada-mf-vina-del-mar-02-570x428.jpg 570w, https:\/\/www.medicinafamiliar.cl\/mf\/wordpress\/wp-content\/uploads\/2025\/01\/sochimef-iv-jornada-mf-vina-del-mar-02-740x555.jpg 740w, https:\/\/www.medicinafamiliar.cl\/mf\/wordpress\/wp-content\/uploads\/2025\/01\/sochimef-iv-jornada-mf-vina-del-mar-02-80x60.jpg 80w\" sizes=\"auto, (max-width: 760px) 100vw, 760px\" \/><\/a><\/figure>\n\n\n\n<figure class=\"wp-block-image size-large\"><a href=\"https:\/\/www.medicinafamiliar.cl\/mf\/wordpress\/wp-content\/uploads\/2025\/01\/sochimef-iv-jornada-mf-vina-del-mar-04.jpg\" target=\"_blank\" rel=\"noopener\"><img loading=\"lazy\" decoding=\"async\" width=\"760\" height=\"570\" data-id=\"4845\" src=\"http:\/\/www.medicinafamiliar.cl\/mf\/wordpress\/wp-content\/uploads\/2025\/01\/sochimef-iv-jornada-mf-vina-del-mar-04.jpg\" alt=\"\" class=\"wp-image-4845\" srcset=\"https:\/\/www.medicinafamiliar.cl\/mf\/wordpress\/wp-content\/uploads\/2025\/01\/sochimef-iv-jornada-mf-vina-del-mar-04.jpg 760w, https:\/\/www.medicinafamiliar.cl\/mf\/wordpress\/wp-content\/uploads\/2025\/01\/sochimef-iv-jornada-mf-vina-del-mar-04-300x225.jpg 300w, https:\/\/www.medicinafamiliar.cl\/mf\/wordpress\/wp-content\/uploads\/2025\/01\/sochimef-iv-jornada-mf-vina-del-mar-04-370x278.jpg 370w, https:\/\/www.medicinafamiliar.cl\/mf\/wordpress\/wp-content\/uploads\/2025\/01\/sochimef-iv-jornada-mf-vina-del-mar-04-270x203.jpg 270w, https:\/\/www.medicinafamiliar.cl\/mf\/wordpress\/wp-content\/uploads\/2025\/01\/sochimef-iv-jornada-mf-vina-del-mar-04-570x428.jpg 570w, https:\/\/www.medicinafamiliar.cl\/mf\/wordpress\/wp-content\/uploads\/2025\/01\/sochimef-iv-jornada-mf-vina-del-mar-04-740x555.jpg 740w, https:\/\/www.medicinafamiliar.cl\/mf\/wordpress\/wp-content\/uploads\/2025\/01\/sochimef-iv-jornada-mf-vina-del-mar-04-80x60.jpg 80w\" sizes=\"auto, (max-width: 760px) 100vw, 760px\" \/><\/a><\/figure>\n\n\n\n<figure class=\"wp-block-image size-large\"><a href=\"https:\/\/www.medicinafamiliar.cl\/mf\/wordpress\/wp-content\/uploads\/2025\/01\/sochimef-iv-jornada-mf-vina-del-mar-06.jpg\" target=\"_blank\" rel=\"noopener\"><img loading=\"lazy\" decoding=\"async\" width=\"760\" height=\"570\" data-id=\"4846\" src=\"http:\/\/www.medicinafamiliar.cl\/mf\/wordpress\/wp-content\/uploads\/2025\/01\/sochimef-iv-jornada-mf-vina-del-mar-06.jpg\" alt=\"\" class=\"wp-image-4846\" srcset=\"https:\/\/www.medicinafamiliar.cl\/mf\/wordpress\/wp-content\/uploads\/2025\/01\/sochimef-iv-jornada-mf-vina-del-mar-06.jpg 760w, https:\/\/www.medicinafamiliar.cl\/mf\/wordpress\/wp-content\/uploads\/2025\/01\/sochimef-iv-jornada-mf-vina-del-mar-06-300x225.jpg 300w, https:\/\/www.medicinafamiliar.cl\/mf\/wordpress\/wp-content\/uploads\/2025\/01\/sochimef-iv-jornada-mf-vina-del-mar-06-370x278.jpg 370w, https:\/\/www.medicinafamiliar.cl\/mf\/wordpress\/wp-content\/uploads\/2025\/01\/sochimef-iv-jornada-mf-vina-del-mar-06-270x203.jpg 270w, https:\/\/www.medicinafamiliar.cl\/mf\/wordpress\/wp-content\/uploads\/2025\/01\/sochimef-iv-jornada-mf-vina-del-mar-06-570x428.jpg 570w, https:\/\/www.medicinafamiliar.cl\/mf\/wordpress\/wp-content\/uploads\/2025\/01\/sochimef-iv-jornada-mf-vina-del-mar-06-740x555.jpg 740w, https:\/\/www.medicinafamiliar.cl\/mf\/wordpress\/wp-content\/uploads\/2025\/01\/sochimef-iv-jornada-mf-vina-del-mar-06-80x60.jpg 80w\" sizes=\"auto, (max-width: 760px) 100vw, 760px\" \/><\/a><\/figure>\n\n\n\n<figure class=\"wp-block-image size-large\"><a href=\"https:\/\/www.medicinafamiliar.cl\/mf\/wordpress\/wp-content\/uploads\/2025\/01\/sochimef-iv-jornada-mf-vina-del-mar-05.jpg\" target=\"_blank\" rel=\"noopener\"><img loading=\"lazy\" decoding=\"async\" width=\"760\" height=\"570\" data-id=\"4841\" src=\"http:\/\/www.medicinafamiliar.cl\/mf\/wordpress\/wp-content\/uploads\/2025\/01\/sochimef-iv-jornada-mf-vina-del-mar-05.jpg\" alt=\"\" class=\"wp-image-4841\" srcset=\"https:\/\/www.medicinafamiliar.cl\/mf\/wordpress\/wp-content\/uploads\/2025\/01\/sochimef-iv-jornada-mf-vina-del-mar-05.jpg 760w, https:\/\/www.medicinafamiliar.cl\/mf\/wordpress\/wp-content\/uploads\/2025\/01\/sochimef-iv-jornada-mf-vina-del-mar-05-300x225.jpg 300w, https:\/\/www.medicinafamiliar.cl\/mf\/wordpress\/wp-content\/uploads\/2025\/01\/sochimef-iv-jornada-mf-vina-del-mar-05-370x278.jpg 370w, https:\/\/www.medicinafamiliar.cl\/mf\/wordpress\/wp-content\/uploads\/2025\/01\/sochimef-iv-jornada-mf-vina-del-mar-05-270x203.jpg 270w, https:\/\/www.medicinafamiliar.cl\/mf\/wordpress\/wp-content\/uploads\/2025\/01\/sochimef-iv-jornada-mf-vina-del-mar-05-570x428.jpg 570w, https:\/\/www.medicinafamiliar.cl\/mf\/wordpress\/wp-content\/uploads\/2025\/01\/sochimef-iv-jornada-mf-vina-del-mar-05-740x555.jpg 740w, https:\/\/www.medicinafamiliar.cl\/mf\/wordpress\/wp-content\/uploads\/2025\/01\/sochimef-iv-jornada-mf-vina-del-mar-05-80x60.jpg 80w\" sizes=\"auto, (max-width: 760px) 100vw, 760px\" \/><\/a><\/figure>\n\n\n\n<figure class=\"wp-block-image size-large\"><a href=\"https:\/\/www.medicinafamiliar.cl\/mf\/wordpress\/wp-content\/uploads\/2025\/01\/sochimef-iv-jornada-mf-vina-del-mar-01.jpg\" target=\"_blank\" rel=\"noopener\"><img loading=\"lazy\" decoding=\"async\" width=\"760\" height=\"570\" data-id=\"4842\" src=\"http:\/\/www.medicinafamiliar.cl\/mf\/wordpress\/wp-content\/uploads\/2025\/01\/sochimef-iv-jornada-mf-vina-del-mar-01.jpg\" alt=\"\" class=\"wp-image-4842\" srcset=\"https:\/\/www.medicinafamiliar.cl\/mf\/wordpress\/wp-content\/uploads\/2025\/01\/sochimef-iv-jornada-mf-vina-del-mar-01.jpg 760w, https:\/\/www.medicinafamiliar.cl\/mf\/wordpress\/wp-content\/uploads\/2025\/01\/sochimef-iv-jornada-mf-vina-del-mar-01-300x225.jpg 300w, https:\/\/www.medicinafamiliar.cl\/mf\/wordpress\/wp-content\/uploads\/2025\/01\/sochimef-iv-jornada-mf-vina-del-mar-01-370x278.jpg 370w, https:\/\/www.medicinafamiliar.cl\/mf\/wordpress\/wp-content\/uploads\/2025\/01\/sochimef-iv-jornada-mf-vina-del-mar-01-270x203.jpg 270w, https:\/\/www.medicinafamiliar.cl\/mf\/wordpress\/wp-content\/uploads\/2025\/01\/sochimef-iv-jornada-mf-vina-del-mar-01-570x428.jpg 570w, https:\/\/www.medicinafamiliar.cl\/mf\/wordpress\/wp-content\/uploads\/2025\/01\/sochimef-iv-jornada-mf-vina-del-mar-01-740x555.jpg 740w, https:\/\/www.medicinafamiliar.cl\/mf\/wordpress\/wp-content\/uploads\/2025\/01\/sochimef-iv-jornada-mf-vina-del-mar-01-80x60.jpg 80w\" sizes=\"auto, (max-width: 760px) 100vw, 760px\" \/><\/a><\/figure>\n\n\n\n<figure class=\"wp-block-image size-large\"><a href=\"https:\/\/www.medicinafamiliar.cl\/mf\/wordpress\/wp-content\/uploads\/2025\/01\/sochimef-iv-jornada-mf-vina-del-mar-03.jpg\" target=\"_blank\" rel=\"noopener\"><img loading=\"lazy\" decoding=\"async\" width=\"760\" height=\"570\" data-id=\"4843\" src=\"http:\/\/www.medicinafamiliar.cl\/mf\/wordpress\/wp-content\/uploads\/2025\/01\/sochimef-iv-jornada-mf-vina-del-mar-03.jpg\" alt=\"\" class=\"wp-image-4843\" srcset=\"https:\/\/www.medicinafamiliar.cl\/mf\/wordpress\/wp-content\/uploads\/2025\/01\/sochimef-iv-jornada-mf-vina-del-mar-03.jpg 760w, https:\/\/www.medicinafamiliar.cl\/mf\/wordpress\/wp-content\/uploads\/2025\/01\/sochimef-iv-jornada-mf-vina-del-mar-03-300x225.jpg 300w, https:\/\/www.medicinafamiliar.cl\/mf\/wordpress\/wp-content\/uploads\/2025\/01\/sochimef-iv-jornada-mf-vina-del-mar-03-370x278.jpg 370w, https:\/\/www.medicinafamiliar.cl\/mf\/wordpress\/wp-content\/uploads\/2025\/01\/sochimef-iv-jornada-mf-vina-del-mar-03-270x203.jpg 270w, https:\/\/www.medicinafamiliar.cl\/mf\/wordpress\/wp-content\/uploads\/2025\/01\/sochimef-iv-jornada-mf-vina-del-mar-03-570x428.jpg 570w, https:\/\/www.medicinafamiliar.cl\/mf\/wordpress\/wp-content\/uploads\/2025\/01\/sochimef-iv-jornada-mf-vina-del-mar-03-740x555.jpg 740w, https:\/\/www.medicinafamiliar.cl\/mf\/wordpress\/wp-content\/uploads\/2025\/01\/sochimef-iv-jornada-mf-vina-del-mar-03-80x60.jpg 80w\" sizes=\"auto, (max-width: 760px) 100vw, 760px\" \/><\/a><\/figure>\n<\/figure>\n","protected":false},"excerpt":{"rendered":"<p>.<\/p>\n","protected":false},"author":1,"featured_media":4839,"comment_status":"closed","ping_status":"closed","sticky":false,"template":"","format":"standard","meta":{"footnotes":""},"categories":[7,2,3],"tags":[20,25,18,24,915],"class_list":["post-4838","post","type-post","status-publish","format-standard","has-post-thumbnail","hentry","category-jornada","category-noticias","category-portada","tag-atencion-primaria","tag-medicina-familiar","tag-mf","tag-sochimef","tag-vi-jornada-mf-vina-del-mar"],"_links":{"self":[{"href":"https:\/\/www.medicinafamiliar.cl\/mf\/wordpress\/wp-json\/wp\/v2\/posts\/4838","targetHints":{"allow":["GET"]}}],"collection":[{"href":"https:\/\/www.medicinafamiliar.cl\/mf\/wordpress\/wp-json\/wp\/v2\/posts"}],"about":[{"href":"https:\/\/www.medicinafamiliar.cl\/mf\/wordpress\/wp-json\/wp\/v2\/types\/post"}],"author":[{"embeddable":true,"href":"https:\/\/www.medicinafamiliar.cl\/mf\/wordpress\/wp-json\/wp\/v2\/users\/1"}],"replies":[{"embeddable":true,"href":"https:\/\/www.medicinafamiliar.cl\/mf\/wordpress\/wp-json\/wp\/v2\/comments?post=4838"}],"version-history":[{"count":9,"href":"https:\/\/www.medicinafamiliar.cl\/mf\/wordpress\/wp-json\/wp\/v2\/posts\/4838\/revisions"}],"predecessor-version":[{"id":4855,"href":"https:\/\/www.medicinafamiliar.cl\/mf\/wordpress\/wp-json\/wp\/v2\/posts\/4838\/revisions\/4855"}],"wp:featuredmedia":[{"embeddable":true,"href":"https:\/\/www.medicinafamiliar.cl\/mf\/wordpress\/wp-json\/wp\/v2\/media\/4839"}],"wp:attachment":[{"href":"https:\/\/www.medicinafamiliar.cl\/mf\/wordpress\/wp-json\/wp\/v2\/media?parent=4838"}],"wp:term":[{"taxonomy":"category","embeddable":true,"href":"https:\/\/www.medicinafamiliar.cl\/mf\/wordpress\/wp-json\/wp\/v2\/categories?post=4838"},{"taxonomy":"post_tag","embeddable":true,"href":"https:\/\/www.medicinafamiliar.cl\/mf\/wordpress\/wp-json\/wp\/v2\/tags?post=4838"}],"curies":[{"name":"wp","href":"https:\/\/api.w.org\/{rel}","templated":true}]}}