{"id":4779,"date":"2024-12-03T09:32:03","date_gmt":"2024-12-03T13:32:03","guid":{"rendered":"https:\/\/www.medicinafamiliar.cl\/mf\/wordpress\/?p=4779"},"modified":"2024-12-03T09:44:52","modified_gmt":"2024-12-03T13:44:52","slug":"sochimef-fue-parte-del-viii-congreso-regional-iberoamericano-de-medicina-familiar-y-comunitaria-en-panama","status":"publish","type":"post","link":"https:\/\/www.medicinafamiliar.cl\/mf\/wordpress\/2024\/12\/03\/sochimef-fue-parte-del-viii-congreso-regional-iberoamericano-de-medicina-familiar-y-comunitaria-en-panama\/","title":{"rendered":"SOCHIMEF fue parte del VIII Congreso Regional Iberoamericano de Medicina Familiar y Comunitaria en Panam\u00e1"},"content":{"rendered":"<p><strong><em>La delegaci\u00f3n nacional comparti\u00f3 investigaciones, experiencias y promovi\u00f3 la colaboraci\u00f3n internacional en APS. El evento subray\u00f3 la importancia de fortalecer los sistemas de salud a trav\u00e9s de la medicina familiar y un enfoque centrado en las personas.<\/em><\/strong><\/p>\n<p>La Sociedad Chilena de Medicina Familiar (SOCHIMEF) tuvo una destacada participaci\u00f3n en el VIII Congreso Regional Iberoamericano de Medicina Familiar y Comunitaria, celebrado del 23 al 26 de octubre en la Ciudad de Panam\u00e1. Este evento reuni\u00f3 a especialistas de toda Iberoam\u00e9rica, consolid\u00e1ndose como un hito para el intercambio de conocimientos y el fortalecimiento de la atenci\u00f3n primaria en la regi\u00f3n.<\/p>\n<p>La delegaci\u00f3n chilena estuvo conformada por miembros de SOCHIMEF, destacados profesionales de la salud y residentes de programas de especializaci\u00f3n en Medicina Familiar, quienes participaron activamente en diversas sesiones y actividades del congreso.<\/p>\n<p>Este congreso fue el primer encuentro presencial de la comunidad iberoamericana de Medicina Familiar desde el inicio de la pandemia, lo que otorg\u00f3 especial relevancia a esta edici\u00f3n. En la ocasi\u00f3n, se celebraron tres congresos en uno: el VIII Congreso Regional Iberoamericano, el III Congreso de la Regi\u00f3n Mesoamericana y el Congreso Nacional de Panam\u00e1 en conmemoraci\u00f3n de su 25\u00b0 aniversario.<\/p>\n<p>Bajo el lema \u201cMedicina Familiar: Uniendo v\u00ednculos, transformando Sistemas de Salud\u201d, el evento se constituy\u00f3 en una plataforma \u00fanica para compartir avances cl\u00ednicos, discutir desaf\u00edos y explorar el rol de la tecnolog\u00eda en la transformaci\u00f3n de los sistemas de salud.<\/p>\n<p><strong>ACTIVA PARTICIPACI\u00d3N CHILENA<br><\/strong>El VIII Congreso Iberoamericano de Medicina Familiar y Comunitaria en Panam\u00e1 fue una experiencia transformadora para los m\u00e9dicos familiares de Chile. Entre los participantes destac\u00f3 la doctora Andrea Didier, directora de SOCHIMEF, quien estuvo presente como representante de Chile a trav\u00e9s de la Sociedad Chilena de Medicina Familiar y como Vicepresidenta de la Confederaci\u00f3n Iberoamericana de Medicina Familiar (CIMF) Cono Sur.<\/p>\n<p>Durante el evento, present\u00f3 la conferencia &#8220;Entrevista Motivacional: Una herramienta esencial en Medicina Familiar y en Medicina del Estilo de Vida&#8221;. Tambi\u00e9n form\u00f3 parte del panel &#8220;Retos y desaf\u00edos del financiamiento en APS&#8221;, junto a colegas de Per\u00fa, Uruguay y Colombia, y particip\u00f3 en la mesa redonda &#8220;Medicina Familiar y Comunitaria y Pol\u00edtica: Clave en la transformaci\u00f3n de los sistemas sanitarios&#8221;. Adem\u00e1s, Didier moder\u00f3 dos mesas sobre temas clave: &#8220;La din\u00e1mica de la formaci\u00f3n en Medicina Familiar: Desde el pregrado a la maestr\u00eda&#8221; y &#8220;Cambios clim\u00e1ticos y salud planetaria: \u00bfQu\u00e9 debemos hacer como M\u00e9dicos de Familia?&#8221;, organizadas por Cono Sur.<\/p>\n<p><em>&#8220;Tambi\u00e9n fui reelegida como vicepresidenta de CIMF Cono Sur para el pr\u00f3ximo per\u00edodo, un mandato de dos a\u00f1os que comenzar\u00e1 en el Mundial de Lisboa en septiembre del pr\u00f3ximo a\u00f1o&#8221;<\/em>, destac\u00f3 Didier.<\/p>\n<p>Por su parte, la doctora Macarena Moral lider\u00f3 la mesa redonda \u201cExperiencias de desarrollo de investigaci\u00f3n en la formaci\u00f3n de la especializaci\u00f3n en Medicina Familiar\u201d, en la que particip\u00f3 junto a la Dra. Sof\u00eda Cuba (Per\u00fa) y la Dra. Diana Yuruhan (Paraguay). \u201cHubo una gran representaci\u00f3n chilena en Panam\u00e1. Muchos residentes presentaron sus trabajos de investigaci\u00f3n y experiencias muy interesantes\u201d, apunt\u00f3 la doctora.<\/p>\n<p>En tanto, el doctor Rodrigo Maldonado Veas, residente del programa de especializaci\u00f3n en Medicina Familiar Comunitaria de la Universidad Austral de Chile, obtuvo el primer lugar por su investigaci\u00f3n \u201cDescripci\u00f3n de un territorio rural en el sur de Chile, con predominio de poblaci\u00f3n ind\u00edgena, por medio de cartograf\u00eda social\u201d. Este proyecto, desarrollado en la comunidad de Curi\u00f1anco, promueve la vinculaci\u00f3n entre los habitantes y el equipo de salud local, abordando la georreferenciaci\u00f3n de activos comunitarios como parte de la estrategia de Universalizaci\u00f3n de la Atenci\u00f3n Primaria en Valdivia. Durante la premiaci\u00f3n, el comit\u00e9 evaluador del congreso destac\u00f3 que &#8220;este trabajo resalta la importancia de un enfoque territorial y participativo en salud&#8221;.<\/p>\n<p>Asimismo, la doctora Cynthia Cisterna Quilaqueo, residente de segundo a\u00f1o de Medicina Familiar en la Universidad de Concepci\u00f3n, particip\u00f3 con un p\u00f3ster sobre los usuarios del programa de Cuidados Paliativos. Describi\u00f3 su experiencia en el congreso como \u201cun espacio \u00fanico de crecimiento, aprendizaje y colaboraci\u00f3n\u201d. Destac\u00f3 que el evento no solo fue una oportunidad para presentar su investigaci\u00f3n, sino tambi\u00e9n para \u201cestablecer v\u00ednculos con otros profesionales de Iberoam\u00e9rica\u201d y reforzar su sentido de pertenencia a una comunidad global comprometida con la mejora de la atenci\u00f3n primaria. \u201cComprend\u00ed m\u00e1s que nunca el impacto que nuestra especialidad puede tener en la vida de las personas y en la salud de las comunidades\u201d, asegur\u00f3 Cisterna.<\/p>\n<p><strong>FORTALECER LOS V\u00cdNCULOS<br><\/strong>Por su parte, la doctora \u00c1ngela Ortigoza, m\u00e9dico familiar infantil y miembro del International Consortium of Primary Care Big Data Researchers, lider\u00f3 el taller \u201cAbriendo oportunidades para la investigaci\u00f3n en big data en atenci\u00f3n primaria: mapeo de datos abiertos en Iberoam\u00e9rica a trav\u00e9s de INTRePID\u201d, destacando el potencial de los datos abiertos en atenci\u00f3n primaria en la regi\u00f3n. Adem\u00e1s, particip\u00f3 en reuniones con la Confederaci\u00f3n Iberoamericana de Medicina Familiar y la Red Iberoamericana de Investigaci\u00f3n, explorando estrategias para fortalecer la investigaci\u00f3n colaborativa.<\/p>\n<p>Ortigoza tambi\u00e9n actu\u00f3 como jurado en la evaluaci\u00f3n de trabajos de investigaci\u00f3n, aportando su conocimiento en el an\u00e1lisis de estudios relevantes en medicina familiar.<\/p>\n<p>Sim\u00f3n R\u00edos Opazo, m\u00e9dico familiar comunitario de la Universidad Austral de Chile y representante de Waynakay Chile, tambi\u00e9n fue parte del Congreso CIMF Panam\u00e1 2024, al que calific\u00f3 como una \u201coportunidad para fortalecer v\u00ednculos con colegas de Waynakay Iberoam\u00e9rica\u201d. En el evento, present\u00f3 los avances del grupo iberoamericano en investigaci\u00f3n e incentiv\u00f3 la incorporaci\u00f3n de nuevos representantes. Su agenda incluy\u00f3 actividades en los grupos de trabajo de Salud Planetaria de CIMF y WONCA, donde se acordaron objetivos y acciones a desarrollar hasta el pr\u00f3ximo congreso en 2025. R\u00edos destac\u00f3 los desaf\u00edos del congreso para el desarrollo de la Medicina Familiar, especialmente en temas como la decolonizaci\u00f3n de los sistemas de salud, la diversidad sexual y el acceso a la profilaxis preexposici\u00f3n para el VIH.<\/p>\n<p>Finalmente, la doctora M\u00f3nica Nivelo, encargada del Grupo de Trabajo de Prevenci\u00f3n Cuaternaria y Sobremedicalizaci\u00f3n de CIMF-WONCA, particip\u00f3 en un panel sobre buenas pr\u00e1cticas en la implementaci\u00f3n de la Prevenci\u00f3n Cuaternaria junto a especialistas de Argentina y Per\u00fa, y facilit\u00f3 el taller &#8220;De-prescripci\u00f3n: Como Pr\u00e1ctica Cl\u00ednica de Prevenci\u00f3n Cuaternaria&#8221;, enfocado en reducir la sobremedicalizaci\u00f3n en atenci\u00f3n primaria.<\/p>\n<p>Adem\u00e1s, present\u00f3 un informe de avances en la reuni\u00f3n del Comit\u00e9 Directivo de CIMF-WONCA y particip\u00f3 como conferencista con ponencias sobre \u201cLa \u00c9tica del Cuidado en el Modelo Biopsicosocial y la Comunicaci\u00f3n Centrada en la Persona desde la Medicina Narrativa\u201d y \u201cLa Conexi\u00f3n Social: Abordando la Soledad y el Aislamiento Social entre las Comunidades de Adultos Mayores en la Atenci\u00f3n Primaria\u201d. \u201cLa oportunidad de intercambiar experiencias con colegas de Iberoam\u00e9rica nos fortalece como disciplina y nos orienta hacia un modelo de atenci\u00f3n m\u00e1s humano y centrado en las personas\u201d, afirm\u00f3 la doctora Nivelo Clavijo.<\/p>\n<p>La doctora Lili Moraga, m\u00e9dico familiar de la Pontificia Universidad Cat\u00f3lica de Chile, tambi\u00e9n comparti\u00f3 su experiencia en el congreso, donde present\u00f3 un taller sobre la evaluaci\u00f3n de competencias para residentes de medicina familiar. En sus palabras, esta instancia represent\u00f3 \u201cuna experiencia enriquecedora\u201d que refuerza el compromiso con construir un sistema de salud m\u00e1s s\u00f3lido para toda Iberoam\u00e9rica.<\/p>\n\n\n<div class=\"wp-block-group has-normal-font-size is-vertical is-layout-flex wp-container-core-group-is-layout-8cf370e7 wp-block-group-is-layout-flex\">\n<figure class=\"wp-block-gallery has-nested-images columns-default is-cropped wp-block-gallery-1 is-layout-flex wp-block-gallery-is-layout-flex\">\n<figure class=\"wp-block-image size-full\"><img loading=\"lazy\" decoding=\"async\" width=\"760\" height=\"570\" data-id=\"4783\" src=\"http:\/\/www.medicinafamiliar.cl\/mf\/wordpress\/wp-content\/uploads\/2024\/12\/sochimef-viii-congreso-cimf-2024-01.jpg\" alt=\"\" class=\"wp-image-4783\" srcset=\"https:\/\/www.medicinafamiliar.cl\/mf\/wordpress\/wp-content\/uploads\/2024\/12\/sochimef-viii-congreso-cimf-2024-01.jpg 760w, https:\/\/www.medicinafamiliar.cl\/mf\/wordpress\/wp-content\/uploads\/2024\/12\/sochimef-viii-congreso-cimf-2024-01-300x225.jpg 300w, https:\/\/www.medicinafamiliar.cl\/mf\/wordpress\/wp-content\/uploads\/2024\/12\/sochimef-viii-congreso-cimf-2024-01-370x278.jpg 370w, https:\/\/www.medicinafamiliar.cl\/mf\/wordpress\/wp-content\/uploads\/2024\/12\/sochimef-viii-congreso-cimf-2024-01-270x203.jpg 270w, https:\/\/www.medicinafamiliar.cl\/mf\/wordpress\/wp-content\/uploads\/2024\/12\/sochimef-viii-congreso-cimf-2024-01-570x428.jpg 570w, https:\/\/www.medicinafamiliar.cl\/mf\/wordpress\/wp-content\/uploads\/2024\/12\/sochimef-viii-congreso-cimf-2024-01-740x555.jpg 740w, https:\/\/www.medicinafamiliar.cl\/mf\/wordpress\/wp-content\/uploads\/2024\/12\/sochimef-viii-congreso-cimf-2024-01-80x60.jpg 80w\" sizes=\"auto, (max-width: 760px) 100vw, 760px\" \/><\/figure>\n\n\n\n<figure class=\"wp-block-image size-large\"><img loading=\"lazy\" decoding=\"async\" width=\"760\" height=\"570\" data-id=\"4796\" src=\"https:\/\/www.medicinafamiliar.cl\/mf\/wordpress\/wp-content\/uploads\/2024\/12\/sochimef-viii-congreso-cimf-2024-04-1.jpg\" alt=\"\" class=\"wp-image-4796\" srcset=\"https:\/\/www.medicinafamiliar.cl\/mf\/wordpress\/wp-content\/uploads\/2024\/12\/sochimef-viii-congreso-cimf-2024-04-1.jpg 760w, https:\/\/www.medicinafamiliar.cl\/mf\/wordpress\/wp-content\/uploads\/2024\/12\/sochimef-viii-congreso-cimf-2024-04-1-300x225.jpg 300w, https:\/\/www.medicinafamiliar.cl\/mf\/wordpress\/wp-content\/uploads\/2024\/12\/sochimef-viii-congreso-cimf-2024-04-1-370x278.jpg 370w, https:\/\/www.medicinafamiliar.cl\/mf\/wordpress\/wp-content\/uploads\/2024\/12\/sochimef-viii-congreso-cimf-2024-04-1-270x203.jpg 270w, https:\/\/www.medicinafamiliar.cl\/mf\/wordpress\/wp-content\/uploads\/2024\/12\/sochimef-viii-congreso-cimf-2024-04-1-570x428.jpg 570w, https:\/\/www.medicinafamiliar.cl\/mf\/wordpress\/wp-content\/uploads\/2024\/12\/sochimef-viii-congreso-cimf-2024-04-1-740x555.jpg 740w, https:\/\/www.medicinafamiliar.cl\/mf\/wordpress\/wp-content\/uploads\/2024\/12\/sochimef-viii-congreso-cimf-2024-04-1-80x60.jpg 80w\" sizes=\"auto, (max-width: 760px) 100vw, 760px\" \/><\/figure>\n<\/figure>\n<\/div>\n\n\n\n<figure class=\"wp-block-gallery has-nested-images columns-default is-cropped wp-block-gallery-2 is-layout-flex wp-block-gallery-is-layout-flex\">\n<figure class=\"wp-block-image size-large\"><img loading=\"lazy\" decoding=\"async\" width=\"760\" height=\"570\" data-id=\"4795\" src=\"http:\/\/www.medicinafamiliar.cl\/mf\/wordpress\/wp-content\/uploads\/2024\/12\/sochimef-viii-congreso-cimf-2024-02-1.jpg\" alt=\"\" class=\"wp-image-4795\" srcset=\"https:\/\/www.medicinafamiliar.cl\/mf\/wordpress\/wp-content\/uploads\/2024\/12\/sochimef-viii-congreso-cimf-2024-02-1.jpg 760w, https:\/\/www.medicinafamiliar.cl\/mf\/wordpress\/wp-content\/uploads\/2024\/12\/sochimef-viii-congreso-cimf-2024-02-1-300x225.jpg 300w, https:\/\/www.medicinafamiliar.cl\/mf\/wordpress\/wp-content\/uploads\/2024\/12\/sochimef-viii-congreso-cimf-2024-02-1-370x278.jpg 370w, https:\/\/www.medicinafamiliar.cl\/mf\/wordpress\/wp-content\/uploads\/2024\/12\/sochimef-viii-congreso-cimf-2024-02-1-270x203.jpg 270w, https:\/\/www.medicinafamiliar.cl\/mf\/wordpress\/wp-content\/uploads\/2024\/12\/sochimef-viii-congreso-cimf-2024-02-1-570x428.jpg 570w, https:\/\/www.medicinafamiliar.cl\/mf\/wordpress\/wp-content\/uploads\/2024\/12\/sochimef-viii-congreso-cimf-2024-02-1-740x555.jpg 740w, https:\/\/www.medicinafamiliar.cl\/mf\/wordpress\/wp-content\/uploads\/2024\/12\/sochimef-viii-congreso-cimf-2024-02-1-80x60.jpg 80w\" sizes=\"auto, (max-width: 760px) 100vw, 760px\" \/><\/figure>\n\n\n\n<figure class=\"wp-block-image size-large\"><img loading=\"lazy\" decoding=\"async\" width=\"760\" height=\"570\" data-id=\"4793\" src=\"http:\/\/www.medicinafamiliar.cl\/mf\/wordpress\/wp-content\/uploads\/2024\/12\/sochimef-viii-congreso-cimf-2024-03-1.jpg\" alt=\"\" class=\"wp-image-4793\" srcset=\"https:\/\/www.medicinafamiliar.cl\/mf\/wordpress\/wp-content\/uploads\/2024\/12\/sochimef-viii-congreso-cimf-2024-03-1.jpg 760w, https:\/\/www.medicinafamiliar.cl\/mf\/wordpress\/wp-content\/uploads\/2024\/12\/sochimef-viii-congreso-cimf-2024-03-1-300x225.jpg 300w, https:\/\/www.medicinafamiliar.cl\/mf\/wordpress\/wp-content\/uploads\/2024\/12\/sochimef-viii-congreso-cimf-2024-03-1-370x278.jpg 370w, https:\/\/www.medicinafamiliar.cl\/mf\/wordpress\/wp-content\/uploads\/2024\/12\/sochimef-viii-congreso-cimf-2024-03-1-270x203.jpg 270w, https:\/\/www.medicinafamiliar.cl\/mf\/wordpress\/wp-content\/uploads\/2024\/12\/sochimef-viii-congreso-cimf-2024-03-1-570x428.jpg 570w, https:\/\/www.medicinafamiliar.cl\/mf\/wordpress\/wp-content\/uploads\/2024\/12\/sochimef-viii-congreso-cimf-2024-03-1-740x555.jpg 740w, https:\/\/www.medicinafamiliar.cl\/mf\/wordpress\/wp-content\/uploads\/2024\/12\/sochimef-viii-congreso-cimf-2024-03-1-80x60.jpg 80w\" sizes=\"auto, (max-width: 760px) 100vw, 760px\" \/><\/figure>\n<\/figure>\n","protected":false},"excerpt":{"rendered":"<p>VIII Congreso Regional Iberoamericano, el III Congreso de la Regi\u00f3n Mesoamericana y el Congreso Nacional de Panam\u00e1<\/p>\n","protected":false},"author":1,"featured_media":4780,"comment_status":"closed","ping_status":"closed","sticky":false,"template":"","format":"standard","meta":{"footnotes":""},"categories":[2,3],"tags":[14,9,25,18,274,8],"class_list":["post-4779","post","type-post","status-publish","format-standard","has-post-thumbnail","hentry","category-noticias","category-portada","tag-aps","tag-cimf","tag-medicina-familiar","tag-mf","tag-waynakay-latinoamerica","tag-wonca"],"_links":{"self":[{"href":"https:\/\/www.medicinafamiliar.cl\/mf\/wordpress\/wp-json\/wp\/v2\/posts\/4779","targetHints":{"allow":["GET"]}}],"collection":[{"href":"https:\/\/www.medicinafamiliar.cl\/mf\/wordpress\/wp-json\/wp\/v2\/posts"}],"about":[{"href":"https:\/\/www.medicinafamiliar.cl\/mf\/wordpress\/wp-json\/wp\/v2\/types\/post"}],"author":[{"embeddable":true,"href":"https:\/\/www.medicinafamiliar.cl\/mf\/wordpress\/wp-json\/wp\/v2\/users\/1"}],"replies":[{"embeddable":true,"href":"https:\/\/www.medicinafamiliar.cl\/mf\/wordpress\/wp-json\/wp\/v2\/comments?post=4779"}],"version-history":[{"count":9,"href":"https:\/\/www.medicinafamiliar.cl\/mf\/wordpress\/wp-json\/wp\/v2\/posts\/4779\/revisions"}],"predecessor-version":[{"id":4802,"href":"https:\/\/www.medicinafamiliar.cl\/mf\/wordpress\/wp-json\/wp\/v2\/posts\/4779\/revisions\/4802"}],"wp:featuredmedia":[{"embeddable":true,"href":"https:\/\/www.medicinafamiliar.cl\/mf\/wordpress\/wp-json\/wp\/v2\/media\/4780"}],"wp:attachment":[{"href":"https:\/\/www.medicinafamiliar.cl\/mf\/wordpress\/wp-json\/wp\/v2\/media?parent=4779"}],"wp:term":[{"taxonomy":"category","embeddable":true,"href":"https:\/\/www.medicinafamiliar.cl\/mf\/wordpress\/wp-json\/wp\/v2\/categories?post=4779"},{"taxonomy":"post_tag","embeddable":true,"href":"https:\/\/www.medicinafamiliar.cl\/mf\/wordpress\/wp-json\/wp\/v2\/tags?post=4779"}],"curies":[{"name":"wp","href":"https:\/\/api.w.org\/{rel}","templated":true}]}}