{"id":4281,"date":"2024-02-06T15:56:06","date_gmt":"2024-02-06T19:56:06","guid":{"rendered":"https:\/\/www.medicinafamiliar.cl\/mf\/wordpress\/?p=4281"},"modified":"2024-02-06T16:29:51","modified_gmt":"2024-02-06T20:29:51","slug":"jornada-nacional-dia-nacional-de-educacion-y-concientizacion-sobre-las-enfermedades-raras-poco-frecuentes-o-huerfanas","status":"publish","type":"post","link":"https:\/\/www.medicinafamiliar.cl\/mf\/wordpress\/2024\/02\/06\/jornada-nacional-dia-nacional-de-educacion-y-concientizacion-sobre-las-enfermedades-raras-poco-frecuentes-o-huerfanas\/","title":{"rendered":"Jornada Nacional: D\u00eda Nacional de Educaci\u00f3n y Concientizaci\u00f3n sobre las Enfermedades Raras, Poco Frecuentes o Hu\u00e9rfanas"},"content":{"rendered":"<p style=\"font-weight: 400;\">Hacemos extensiva la invitaci\u00f3n a la primera <strong>\u201cJornada Nacional: D\u00eda Nacional de Educaci\u00f3n y Concientizaci\u00f3n sobre las Enfermedades Raras, Poco Frecuentes o Hu\u00e9rfanas\u201d<\/strong> que se realizar\u00e1 el d\u00eda<strong> 29 de febrero de 2024 entre 08:15 y 17:00 hrs<\/strong>., <strong><span style=\"color: #ff0000;\"><em>los cupos presenciales para la actividad est\u00e1n completos<\/em><\/span><\/strong>, pero estar\u00e1 disponible la <b>transmisi\u00f3n simult\u00e1nea del evento.<\/b><\/p>\n<p style=\"font-weight: 400;\">El objetivo de esta jornada es visibilizar la necesidad del fortalecimiento de las competencias profesionales acerca de la sospecha y manejo de <strong>Enfermedades Poco Frecuentes<\/strong>, conocer la perspectiva hist\u00f3rica y avances respecto a las pol\u00edticas p\u00fablicas entorno a las Enfermedades Poco Frecuentes y relevar la importancia de la humanizaci\u00f3n en la atenci\u00f3n de personas con estas condiciones.<\/p>\n<p style=\"font-weight: 400;\"><strong>Dirigido a:<\/strong>\u00a0Autoridades,\u00a0Profesionales de salud del sistema p\u00fablico y privado,\u00a0Familias y personas con Enfermedades Poco Frecuentes,\u00a0Agrupaciones de pacientes,\u00a0Representantes de la academia.\u00a0<\/p>\n<p style=\"font-weight: 400;\">Para la inscripci\u00f3n<b>\u00a0ONLINE<\/b>\u00a0se debe llenar el siguiente formulario:\u00a0<strong><span style=\"color: #0000ff;\"><a style=\"color: #0000ff;\" href=\"https:\/\/forms.office.com\/r\/iYPcXA7ZTm\" target=\"_blank\" rel=\"noopener noreferrer\" data-saferedirecturl=\"https:\/\/www.google.com\/url?q=https:\/\/forms.office.com\/r\/iYPcXA7ZTm&amp;source=gmail&amp;ust=1707331858000000&amp;usg=AOvVaw0CO3tLbcLa7wAmA638ElJ9\">https:\/\/forms.office.com\/r\/<wbr \/>iYPcXA7ZTm<\/a><\/span><\/strong><\/p>\n<p>Programa Preliminar: <span style=\"color: #0000ff;\"><strong><a style=\"color: #0000ff;\" href=\"http:\/\/www.medicinafamiliar.cl\/mf\/wordpress\/wp-content\/uploads\/2024\/02\/Programa-tentativo-JORNADA-29022024-v02012024.pdf\" target=\"_blank\" rel=\"noopener\">Ver programa preliminar en PDF<\/a><\/strong><\/span><a id=\"d75668f7-0a22-4069-b1ca-5c1cbe986a67\" title=\"View this pdf file\" href=\"https:\/\/docs.google.com\/viewer?url=http%3A%2F%2Fwww.medicinafamiliar.cl%2Fmf%2Fwordpress%2Fwp-content%2Fuploads%2F2024%2F02%2FPrograma-tentativo-JORNADA-29022024-v02012024.pdf&amp;embedded=true&amp;chrome=false&amp;dov=1\"><img decoding=\"async\" style=\"margin-left: 3px; width: 16px; height: 16px;\" src=\"chrome-extension:\/\/gmpljdlgcdkljlppaekciacdmdlhfeon\/images\/beside-link-icon.svg\" \/><\/a><\/p>\n<p style=\"font-weight: 400;\">Se enviar\u00e1 un email confirmando su inscripci\u00f3n 2 semanas previo al evento.<\/p>\n\n<div class=\"wp-block-image\">\n<figure class=\"aligncenter size-large is-resized\"><img loading=\"lazy\" decoding=\"async\" src=\"https:\/\/www.medicinafamiliar.cl\/mf\/wordpress\/wp-content\/uploads\/2024\/02\/sochimef-jornada-epof-2024-576x1024.png\" alt=\".\" class=\"wp-image-4283\" width=\"432\" height=\"768\" srcset=\"https:\/\/www.medicinafamiliar.cl\/mf\/wordpress\/wp-content\/uploads\/2024\/02\/sochimef-jornada-epof-2024-576x1024.png 576w, https:\/\/www.medicinafamiliar.cl\/mf\/wordpress\/wp-content\/uploads\/2024\/02\/sochimef-jornada-epof-2024-169x300.png 169w, https:\/\/www.medicinafamiliar.cl\/mf\/wordpress\/wp-content\/uploads\/2024\/02\/sochimef-jornada-epof-2024-768x1365.png 768w, https:\/\/www.medicinafamiliar.cl\/mf\/wordpress\/wp-content\/uploads\/2024\/02\/sochimef-jornada-epof-2024-864x1536.png 864w, https:\/\/www.medicinafamiliar.cl\/mf\/wordpress\/wp-content\/uploads\/2024\/02\/sochimef-jornada-epof-2024-370x658.png 370w, https:\/\/www.medicinafamiliar.cl\/mf\/wordpress\/wp-content\/uploads\/2024\/02\/sochimef-jornada-epof-2024-270x480.png 270w, https:\/\/www.medicinafamiliar.cl\/mf\/wordpress\/wp-content\/uploads\/2024\/02\/sochimef-jornada-epof-2024-570x1013.png 570w, https:\/\/www.medicinafamiliar.cl\/mf\/wordpress\/wp-content\/uploads\/2024\/02\/sochimef-jornada-epof-2024-740x1316.png 740w, https:\/\/www.medicinafamiliar.cl\/mf\/wordpress\/wp-content\/uploads\/2024\/02\/sochimef-jornada-epof-2024.png 1080w\" sizes=\"auto, (max-width: 432px) 100vw, 432px\" \/><\/figure>\n<\/div>","protected":false},"excerpt":{"rendered":"<p>.<\/p>\n","protected":false},"author":1,"featured_media":4282,"comment_status":"closed","ping_status":"closed","sticky":false,"template":"","format":"standard","meta":{"footnotes":""},"categories":[7,2,3],"tags":[14,20,862,25,18,24],"class_list":["post-4281","post","type-post","status-publish","format-standard","has-post-thumbnail","hentry","category-jornada","category-noticias","category-portada","tag-aps","tag-atencion-primaria","tag-enfermedades-poco-frecuentes","tag-medicina-familiar","tag-mf","tag-sochimef"],"_links":{"self":[{"href":"https:\/\/www.medicinafamiliar.cl\/mf\/wordpress\/wp-json\/wp\/v2\/posts\/4281","targetHints":{"allow":["GET"]}}],"collection":[{"href":"https:\/\/www.medicinafamiliar.cl\/mf\/wordpress\/wp-json\/wp\/v2\/posts"}],"about":[{"href":"https:\/\/www.medicinafamiliar.cl\/mf\/wordpress\/wp-json\/wp\/v2\/types\/post"}],"author":[{"embeddable":true,"href":"https:\/\/www.medicinafamiliar.cl\/mf\/wordpress\/wp-json\/wp\/v2\/users\/1"}],"replies":[{"embeddable":true,"href":"https:\/\/www.medicinafamiliar.cl\/mf\/wordpress\/wp-json\/wp\/v2\/comments?post=4281"}],"version-history":[{"count":4,"href":"https:\/\/www.medicinafamiliar.cl\/mf\/wordpress\/wp-json\/wp\/v2\/posts\/4281\/revisions"}],"predecessor-version":[{"id":4288,"href":"https:\/\/www.medicinafamiliar.cl\/mf\/wordpress\/wp-json\/wp\/v2\/posts\/4281\/revisions\/4288"}],"wp:featuredmedia":[{"embeddable":true,"href":"https:\/\/www.medicinafamiliar.cl\/mf\/wordpress\/wp-json\/wp\/v2\/media\/4282"}],"wp:attachment":[{"href":"https:\/\/www.medicinafamiliar.cl\/mf\/wordpress\/wp-json\/wp\/v2\/media?parent=4281"}],"wp:term":[{"taxonomy":"category","embeddable":true,"href":"https:\/\/www.medicinafamiliar.cl\/mf\/wordpress\/wp-json\/wp\/v2\/categories?post=4281"},{"taxonomy":"post_tag","embeddable":true,"href":"https:\/\/www.medicinafamiliar.cl\/mf\/wordpress\/wp-json\/wp\/v2\/tags?post=4281"}],"curies":[{"name":"wp","href":"https:\/\/api.w.org\/{rel}","templated":true}]}}