{"id":4148,"date":"2023-11-15T09:30:00","date_gmt":"2023-11-15T13:30:00","guid":{"rendered":"https:\/\/www.medicinafamiliar.cl\/mf\/wordpress\/?p=4148"},"modified":"2023-11-14T20:44:25","modified_gmt":"2023-11-15T00:44:25","slug":"ya-esta-disponible-listado-de-trabajos-libres-aceptados-para-el-xxiv-congreso-chileno-de-medicina-familiar","status":"publish","type":"post","link":"https:\/\/www.medicinafamiliar.cl\/mf\/wordpress\/2023\/11\/15\/ya-esta-disponible-listado-de-trabajos-libres-aceptados-para-el-xxiv-congreso-chileno-de-medicina-familiar\/","title":{"rendered":"Ya est\u00e1 disponible listado de trabajos libres aceptados para el XXIV Congreso Chileno de Medicina Familiar"},"content":{"rendered":"<p>En nuestro sitio web del XXIV Congreso Chileno de Medicina Familiar se ha publicado el listado de trabajos libres aceptados para ser expuestos en el congreso, junto a la informaci\u00f3n de d\u00eda, hora y sala en la que deber\u00e1n exponer.<\/p>\n<p>Descargar listado: <span style=\"color: #0000ff;\"><strong><a style=\"color: #0000ff;\" href=\"http:\/\/www.medicinafamiliar.cl\/mf\/wordpress\/wp-content\/uploads\/2023\/11\/sochimef-trabajos-selecconados-2023-ok.pdf\" target=\"_blank\" rel=\"noopener\">Listado Trabajos Libres Aceptados<\/a><a id=\"1e6a22b6-4c11-4705-ad1e-c4277b13a824\" title=\"View this pdf file\" href=\"https:\/\/docs.google.com\/viewer?url=http%3A%2F%2Fwww.medicinafamiliar.cl%2Fmf%2Fwordpress%2Fwp-content%2Fuploads%2F2023%2F11%2Fsochimef-trabajos-selecconados-2023-ok.pdf&amp;embedded=true&amp;chrome=false&amp;dov=1\"><img decoding=\"async\" style=\"margin-left: 3px; width: 16px; height: 16px;\" src=\"chrome-extension:\/\/gmpljdlgcdkljlppaekciacdmdlhfeon\/images\/beside-link-icon.svg\" \/><\/a><a id=\"3cfe44f2-1ae6-4317-ad57-d3486b87d7ef\" style=\"color: #0000ff;\" title=\"View this pdf file\" href=\"https:\/\/docs.google.com\/viewer?url=http%3A%2F%2Fwww.medicinafamiliar.cl%2Fmf%2Fwordpress%2Fwp-content%2Fuploads%2F2023%2F11%2Fsochimef-trabajos-selecconados-2023-ok.pdf&amp;embedded=true&amp;chrome=false&amp;dov=1\"><img decoding=\"async\" style=\"margin-left: 3px; width: 16px; height: 16px;\" src=\"chrome-extension:\/\/gmpljdlgcdkljlppaekciacdmdlhfeon\/images\/beside-link-icon.svg\" \/><\/a><\/strong><\/span><\/p>\n","protected":false},"excerpt":{"rendered":"<p>.<\/p>\n","protected":false},"author":1,"featured_media":4159,"comment_status":"closed","ping_status":"closed","sticky":false,"template":"","format":"standard","meta":{"footnotes":""},"categories":[5,2,3],"tags":[25,18,166,849,24,529,848],"class_list":["post-4148","post","type-post","status-publish","format-standard","has-post-thumbnail","hentry","category-congreso","category-noticias","category-portada","tag-medicina-familiar","tag-mf","tag-mfcl","tag-mfcl2023","tag-sochimef","tag-trabajos-libres","tag-xxiv-congreso-mf"],"_links":{"self":[{"href":"https:\/\/www.medicinafamiliar.cl\/mf\/wordpress\/wp-json\/wp\/v2\/posts\/4148","targetHints":{"allow":["GET"]}}],"collection":[{"href":"https:\/\/www.medicinafamiliar.cl\/mf\/wordpress\/wp-json\/wp\/v2\/posts"}],"about":[{"href":"https:\/\/www.medicinafamiliar.cl\/mf\/wordpress\/wp-json\/wp\/v2\/types\/post"}],"author":[{"embeddable":true,"href":"https:\/\/www.medicinafamiliar.cl\/mf\/wordpress\/wp-json\/wp\/v2\/users\/1"}],"replies":[{"embeddable":true,"href":"https:\/\/www.medicinafamiliar.cl\/mf\/wordpress\/wp-json\/wp\/v2\/comments?post=4148"}],"version-history":[{"count":11,"href":"https:\/\/www.medicinafamiliar.cl\/mf\/wordpress\/wp-json\/wp\/v2\/posts\/4148\/revisions"}],"predecessor-version":[{"id":4163,"href":"https:\/\/www.medicinafamiliar.cl\/mf\/wordpress\/wp-json\/wp\/v2\/posts\/4148\/revisions\/4163"}],"wp:featuredmedia":[{"embeddable":true,"href":"https:\/\/www.medicinafamiliar.cl\/mf\/wordpress\/wp-json\/wp\/v2\/media\/4159"}],"wp:attachment":[{"href":"https:\/\/www.medicinafamiliar.cl\/mf\/wordpress\/wp-json\/wp\/v2\/media?parent=4148"}],"wp:term":[{"taxonomy":"category","embeddable":true,"href":"https:\/\/www.medicinafamiliar.cl\/mf\/wordpress\/wp-json\/wp\/v2\/categories?post=4148"},{"taxonomy":"post_tag","embeddable":true,"href":"https:\/\/www.medicinafamiliar.cl\/mf\/wordpress\/wp-json\/wp\/v2\/tags?post=4148"}],"curies":[{"name":"wp","href":"https:\/\/api.w.org\/{rel}","templated":true}]}}