{"id":3872,"date":"2023-06-23T19:40:48","date_gmt":"2023-06-23T23:40:48","guid":{"rendered":"https:\/\/www.medicinafamiliar.cl\/mf\/wordpress\/?p=3872"},"modified":"2023-06-23T19:42:58","modified_gmt":"2023-06-23T23:42:58","slug":"jornada-cientifica-de-medicina-familiar-2023-fortaleciendo-los-cimientos-de-la-salud-promoviendo-la-excelencia-en-la-atencion-primaria-desde-la-medicina-familiar","status":"publish","type":"post","link":"https:\/\/www.medicinafamiliar.cl\/mf\/wordpress\/2023\/06\/23\/jornada-cientifica-de-medicina-familiar-2023-fortaleciendo-los-cimientos-de-la-salud-promoviendo-la-excelencia-en-la-atencion-primaria-desde-la-medicina-familiar\/","title":{"rendered":"Jornada Cient\u00edfica Residentes MF 2023:  &#8220;Fortaleciendo los cimientos de la salud: Promoviendo la excelencia en la atenci\u00f3n primaria desde la medicina familiar.&#8221;"},"content":{"rendered":"\n<p><\/p>\n\n\n<p>La jornada busca ser una plataforma que permita exponer trabajos cient\u00edficos que hayan<br>sido desarrollados con un foco principalmente orientado en la medicina familiar y la atenci\u00f3n<br>primaria de salud (APS). Creemos que resulta de gran inter\u00e9s el contar espacios de<br>convergencia en donde m\u00e9dicos familiares, m\u00e9dicos generales y los distintos profesionales<br>de la salud puedan compartir trabajos cient\u00edficos o experiencias de inter\u00e9s que den cuenta<br>del trabajo que se realiza en APS.<\/p>\n<p>\u2022 Fecha: viernes 14 de Julio de 2023<br>\u2022 Horario: 09:00 a 17:00 hrs<br>\u2022 Modalidad: Online, sincr\u00f3nico. V\u00eda plataforma ZOOM \u00ae o similar.<\/p>\n<p>Se aceptar\u00e1n las siguientes modalidades de trabajo cient\u00edfico: Investigaciones originales<br>(cuantitativas, cualitativas o mixtas), Sistematizaci\u00f3n de experiencias, Revisiones<br>sistem\u00e1ticas de literatura.<\/p>\n<p>El evento est\u00e1 dirigido a m\u00e9dicos de familia, residentes de medicina familiar, m\u00e9dicos<br>generales, internos de medicina y profesionales que se desempe\u00f1en en atenci\u00f3n primaria<br>de salud o en relaci\u00f3n con la medicina familiar.<\/p>\n<p><strong>Res\u00famenes<\/strong><br>El resumen no debe exceder los 5000 caracteres.<br>Los res\u00famenes deben ser enviados al correo <strong>jornadamedfam2023@gmail.com<\/strong>. Ser\u00e1n<br>recibidos hasta el 26 de junio del 2023 23:59 hrs (GMT-3) sin apelaci\u00f3n posterior.<br>La selecci\u00f3n ser\u00e1 realizada por el comit\u00e9 cient\u00edfico de la jornada. Ser\u00e1n seleccionados los<br>trabajos con m\u00e1s alta puntuaci\u00f3n en el proceso de evaluaci\u00f3n.<\/p>\n<p>Se informar\u00e1 la aceptaci\u00f3n del trabajo con <span style=\"color: #ff0000;\"><strong>plazo m\u00e1ximo hasta el 30 de junio de 2023<\/strong><\/span>. Todas<br>las personas autoras de los trabajos seleccionados deber\u00e1n inscribirse en la jornada.<br>Los certificados de los trabajos seleccionados para ser presentados en el Congreso, en<br>cualquiera de sus formatos, se completar\u00e1n con todos los nombres de los autores originales<br>informados al momento del env\u00edo del trabajo. No se realizar\u00e1n certificados individuales para<br>trabajos con m\u00faltiples autores.<\/p>\n<p><strong>Trabajo de investigaci\u00f3n<\/strong><br>Debe incluir las siguientes secciones:<\/p>\n<ul>\n<li>T\u00edtulo<\/li>\n<li>Introducci\u00f3n: Debe justificar el problema a investigar<\/li>\n<li>Objetivos: Generales y espec\u00edficos, en clara relaci\u00f3n con el problema.<\/li>\n<li>Materiales y m\u00e9todos: deben ser acordes con los objetivos planteados y justificar el<br>uso de ellos y no de otros materiales o m\u00e9todos.<\/li>\n<li>Resultados: Deben ser lo suficientemente expl\u00edcitos (con datos cuantitativos y<br>significaci\u00f3n estad\u00edstica, si corresponde) como para justificar las conclusiones, y en<br>clara relaci\u00f3n con los objetivos.<\/li>\n<li>Conclusiones: Deben atenerse estrictamente al an\u00e1lisis de los resultados y deben<br>responder al objetivo planteado.<\/li>\n<\/ul>\n<p><strong>Experiencia\/Sistematizaci\u00f3n de experiencia<\/strong><br>Debe incluir las siguientes secciones:<\/p>\n<ul>\n<li>&nbsp;T\u00edtulo<\/li>\n<li>Antecedentes: Debe tener la informaci\u00f3n necesaria para entender el contexto de la<br>experiencia y el problema abordado por la experiencia.<\/li>\n<li>Objetivos: Deben ser expl\u00edcitos con relaci\u00f3n al problema.<\/li>\n<li>Desarrollo: explicar el c\u00f3mo se implement\u00f3 la experiencia<\/li>\n<li>Resultados y\/o conclusiones: Explicar, seg\u00fan sea el caso: el impacto que tuvo la<br>experiencia, si se logr\u00f3 el objetivo, o bien los aprendizajes en torno a la experiencia.<\/li>\n<\/ul>\n<p><strong>Formato de presentaci\u00f3n de los trabajos seleccionados en Jornada virtual<\/strong><br>Los trabajos seleccionados ser\u00e1n presentados de forma sincr\u00f3nica, el d\u00eda <span style=\"color: #ff0000;\"><strong>14 de julio 2023<\/strong><\/span><br>jornada diurna, utilizando los medios audiovisuales disponibles, compatibles con la<br>plataforma Zoom.<br>Duraci\u00f3n: 15 minutos<br>Los presentadores deber\u00e1n estar disponibles para responder preguntas en tiempos<br>espec\u00edficos, que se le informar\u00e1n con la debida antelaci\u00f3n.<\/p>\n<p><strong>Cronograma<\/strong><br>\u2022 09:00 a 09:20 hrs. Ingreso a plataforma online<br>\u2022 09:20 a 09:30 hrs. Palabras de bienvenida organizadores<br>\u2022 09:30 a 09:50 hrs. Eventual exposici\u00f3n de experto sobre tema (15 min)<br>\u2022 10:00 a 11:00 hrs. Presentaci\u00f3n 3 trabajos<br>\u2022 11:00 a 11:30 hrs. Receso<br>\u2022 12:00 a 13:00 hrs. Presentaci\u00f3n 3 trabajos<br>\u2022 13:00 a 14:30 hrs. Almuerzo<br>\u2022 14:30 a 15:30 hrs. Presentaci\u00f3n 3 trabajos<br>\u2022 15:30 a 16:30 hrs. Presentaci\u00f3n 3 trabajos<br>\u2022 16:30 a 16:50 hrs. Premiaci\u00f3n mejores trabajos<br>\u2022 16:50 a 17:00 hrs. Palabras de cierre organizadores<\/p>","protected":false},"excerpt":{"rendered":"<p>.<\/p>\n","protected":false},"author":1,"featured_media":3873,"comment_status":"closed","ping_status":"closed","sticky":false,"template":"","format":"standard","meta":{"footnotes":""},"categories":[7,2,3],"tags":[14,20,25,18,24],"class_list":["post-3872","post","type-post","status-publish","format-standard","has-post-thumbnail","hentry","category-jornada","category-noticias","category-portada","tag-aps","tag-atencion-primaria","tag-medicina-familiar","tag-mf","tag-sochimef"],"_links":{"self":[{"href":"https:\/\/www.medicinafamiliar.cl\/mf\/wordpress\/wp-json\/wp\/v2\/posts\/3872","targetHints":{"allow":["GET"]}}],"collection":[{"href":"https:\/\/www.medicinafamiliar.cl\/mf\/wordpress\/wp-json\/wp\/v2\/posts"}],"about":[{"href":"https:\/\/www.medicinafamiliar.cl\/mf\/wordpress\/wp-json\/wp\/v2\/types\/post"}],"author":[{"embeddable":true,"href":"https:\/\/www.medicinafamiliar.cl\/mf\/wordpress\/wp-json\/wp\/v2\/users\/1"}],"replies":[{"embeddable":true,"href":"https:\/\/www.medicinafamiliar.cl\/mf\/wordpress\/wp-json\/wp\/v2\/comments?post=3872"}],"version-history":[{"count":3,"href":"https:\/\/www.medicinafamiliar.cl\/mf\/wordpress\/wp-json\/wp\/v2\/posts\/3872\/revisions"}],"predecessor-version":[{"id":3877,"href":"https:\/\/www.medicinafamiliar.cl\/mf\/wordpress\/wp-json\/wp\/v2\/posts\/3872\/revisions\/3877"}],"wp:featuredmedia":[{"embeddable":true,"href":"https:\/\/www.medicinafamiliar.cl\/mf\/wordpress\/wp-json\/wp\/v2\/media\/3873"}],"wp:attachment":[{"href":"https:\/\/www.medicinafamiliar.cl\/mf\/wordpress\/wp-json\/wp\/v2\/media?parent=3872"}],"wp:term":[{"taxonomy":"category","embeddable":true,"href":"https:\/\/www.medicinafamiliar.cl\/mf\/wordpress\/wp-json\/wp\/v2\/categories?post=3872"},{"taxonomy":"post_tag","embeddable":true,"href":"https:\/\/www.medicinafamiliar.cl\/mf\/wordpress\/wp-json\/wp\/v2\/tags?post=3872"}],"curies":[{"name":"wp","href":"https:\/\/api.w.org\/{rel}","templated":true}]}}