{"id":3603,"date":"2023-01-17T18:55:19","date_gmt":"2023-01-17T21:55:19","guid":{"rendered":"https:\/\/www.medicinafamiliar.cl\/mf\/wordpress\/?p=3603"},"modified":"2023-01-17T19:01:40","modified_gmt":"2023-01-17T22:01:40","slug":"conversatorio-salud-mental-comunitaria-antropologia-y-desmanicomializacion-herramientas-para-la-aps","status":"publish","type":"post","link":"https:\/\/www.medicinafamiliar.cl\/mf\/wordpress\/2023\/01\/17\/conversatorio-salud-mental-comunitaria-antropologia-y-desmanicomializacion-herramientas-para-la-aps\/","title":{"rendered":"Conversatorio: &#8220;Salud Mental comunitaria, antropolog\u00eda y desmanicomializaci\u00f3n, herramientas para la APS&#8221;"},"content":{"rendered":"<p style=\"text-align: justify;\">Invitamos a participar de la&nbsp;Jornada <strong>&#8220;Salud Mental comunitaria, antropolog\u00eda y desmanicomializaci\u00f3n, herramientas para la APS&#8221;,<\/strong> que se realizar\u00e1 el <strong>23 de Enero 2023<\/strong>, en <strong>Auditorium de la Universidad Mayor en Hospital de Pitrufqu\u00e9n.<\/strong><\/p>\n<p style=\"text-align: justify;\">La actividad contar\u00e1 con la exposici\u00f3n del Dr. Agust\u00edn Bar\u00faa Caffarena, Psiquiatra Comunitario y Antrop\u00f3logo Paraguayo, Doctor en Medicina y Cirug\u00eda (Universidad Nacional de Asunci\u00f3n, UNA). Especialista en Psiquiatr\u00eda en Atenci\u00f3n Primaria de Salud (Instituto Superior de Ciencias M\u00e9dicas de La Habana). Mag\u00edster en Antropolog\u00eda Social (Universidad Cat\u00f3lica de Asunci\u00f3n). Psicodramatista (GRUPA). Certificado internacionalmente en Pr\u00e1cticas Colaborativas y Dial\u00f3gicas (Houston Galveston Institute \u2013 The Taos Institute). Educador popular. Fue acompa\u00f1ante en salud mental a la red de Equipos de Salud de la Familia &#8211; Atenci\u00f3n Primaria de Salud en Asunci\u00f3n (Direcci\u00f3n de Salud Mental &#8211; Ministerio de Salud P\u00fablica)(2004 \u2013 2012). Fue docente en las carreras de Medicina, Psicolog\u00eda Comunitaria y Trabajo Social (UNA. 2004 &#8211; 2012). Fue Jefe del departamento de Salud Comunitaria (Psiquiatr\u00eda \u2013 Medicina UNA 2010 &#8211; 2012).<\/p>\n<div dir=\"auto\" style=\"text-align: justify;\">Actualmente trabaja en acompa\u00f1amientos psicoterap\u00e9uticos en la cl\u00ednica placera; en la Universidad Nacional de Pilar como investigador en salud mental comunitaria.&nbsp;<p><\/p>\n<\/div>\n<div dir=\"auto\" style=\"text-align: justify;\">Es integrante del colectivo Noimbai; del Movimiento de salud mental solidaria y sociedad; de la Red Latinoamericana de Salud Mental Colectiva y Buen vivir; y de la Sociedad Paraguaya de Psiquiatr\u00eda &#8211; Secci\u00f3n Psiquiatr\u00eda cr\u00edtica.<\/div>\n<div dir=\"auto\">&nbsp;<\/div>\n<div dir=\"auto\">&nbsp;<\/div>\n\n<div class=\"wp-block-image\">\n<figure class=\"aligncenter size-full is-resized\"><img loading=\"lazy\" decoding=\"async\" src=\"https:\/\/www.medicinafamiliar.cl\/mf\/wordpress\/wp-content\/uploads\/2023\/01\/sochimef-programa-conversatorio-salud-mental_.jpg\" alt=\"\" class=\"wp-image-3607\" width=\"401\" height=\"632\" srcset=\"https:\/\/www.medicinafamiliar.cl\/mf\/wordpress\/wp-content\/uploads\/2023\/01\/sochimef-programa-conversatorio-salud-mental_.jpg 534w, https:\/\/www.medicinafamiliar.cl\/mf\/wordpress\/wp-content\/uploads\/2023\/01\/sochimef-programa-conversatorio-salud-mental_-190x300.jpg 190w, https:\/\/www.medicinafamiliar.cl\/mf\/wordpress\/wp-content\/uploads\/2023\/01\/sochimef-programa-conversatorio-salud-mental_-370x584.jpg 370w, https:\/\/www.medicinafamiliar.cl\/mf\/wordpress\/wp-content\/uploads\/2023\/01\/sochimef-programa-conversatorio-salud-mental_-270x426.jpg 270w\" sizes=\"auto, (max-width: 401px) 100vw, 401px\" \/><\/figure>\n<\/div>","protected":false},"excerpt":{"rendered":"<p>.<\/p>\n","protected":false},"author":1,"featured_media":3604,"comment_status":"closed","ping_status":"closed","sticky":false,"template":"","format":"standard","meta":{"footnotes":""},"categories":[7,2,3],"tags":[25,18,204,24],"class_list":["post-3603","post","type-post","status-publish","format-standard","has-post-thumbnail","hentry","category-jornada","category-noticias","category-portada","tag-medicina-familiar","tag-mf","tag-salud-mental","tag-sochimef"],"_links":{"self":[{"href":"https:\/\/www.medicinafamiliar.cl\/mf\/wordpress\/wp-json\/wp\/v2\/posts\/3603","targetHints":{"allow":["GET"]}}],"collection":[{"href":"https:\/\/www.medicinafamiliar.cl\/mf\/wordpress\/wp-json\/wp\/v2\/posts"}],"about":[{"href":"https:\/\/www.medicinafamiliar.cl\/mf\/wordpress\/wp-json\/wp\/v2\/types\/post"}],"author":[{"embeddable":true,"href":"https:\/\/www.medicinafamiliar.cl\/mf\/wordpress\/wp-json\/wp\/v2\/users\/1"}],"replies":[{"embeddable":true,"href":"https:\/\/www.medicinafamiliar.cl\/mf\/wordpress\/wp-json\/wp\/v2\/comments?post=3603"}],"version-history":[{"count":4,"href":"https:\/\/www.medicinafamiliar.cl\/mf\/wordpress\/wp-json\/wp\/v2\/posts\/3603\/revisions"}],"predecessor-version":[{"id":3610,"href":"https:\/\/www.medicinafamiliar.cl\/mf\/wordpress\/wp-json\/wp\/v2\/posts\/3603\/revisions\/3610"}],"wp:featuredmedia":[{"embeddable":true,"href":"https:\/\/www.medicinafamiliar.cl\/mf\/wordpress\/wp-json\/wp\/v2\/media\/3604"}],"wp:attachment":[{"href":"https:\/\/www.medicinafamiliar.cl\/mf\/wordpress\/wp-json\/wp\/v2\/media?parent=3603"}],"wp:term":[{"taxonomy":"category","embeddable":true,"href":"https:\/\/www.medicinafamiliar.cl\/mf\/wordpress\/wp-json\/wp\/v2\/categories?post=3603"},{"taxonomy":"post_tag","embeddable":true,"href":"https:\/\/www.medicinafamiliar.cl\/mf\/wordpress\/wp-json\/wp\/v2\/tags?post=3603"}],"curies":[{"name":"wp","href":"https:\/\/api.w.org\/{rel}","templated":true}]}}