{"id":314,"date":"2020-04-03T19:06:32","date_gmt":"2020-04-03T22:06:32","guid":{"rendered":"http:\/\/www.medicinafamiliar.cl\/mf\/wordpress\/?p=314"},"modified":"2020-04-03T19:11:51","modified_gmt":"2020-04-03T22:11:51","slug":"reflexiones-sobre-el-rol-que-tiene-la-estrategia-de-atencion-primaria-en-el-enfrentamiento-de-la-pandemia","status":"publish","type":"post","link":"https:\/\/www.medicinafamiliar.cl\/mf\/wordpress\/2020\/04\/03\/reflexiones-sobre-el-rol-que-tiene-la-estrategia-de-atencion-primaria-en-el-enfrentamiento-de-la-pandemia\/","title":{"rendered":"Reflexiones sobre el rol que tiene la estrategia de atenci\u00f3n primaria en el enfrentamiento de la pandemia"},"content":{"rendered":"\n<figure class=\"wp-block-image\"><img loading=\"lazy\" decoding=\"async\" width=\"760\" height=\"570\" src=\"http:\/\/www.medicinafamiliar.cl\/mf\/wordpress\/wp-content\/uploads\/2020\/04\/th-reflexiones-aps-pandemia.jpg\" alt=\"\" class=\"wp-image-317\" srcset=\"https:\/\/www.medicinafamiliar.cl\/mf\/wordpress\/wp-content\/uploads\/2020\/04\/th-reflexiones-aps-pandemia.jpg 760w, https:\/\/www.medicinafamiliar.cl\/mf\/wordpress\/wp-content\/uploads\/2020\/04\/th-reflexiones-aps-pandemia-300x225.jpg 300w, https:\/\/www.medicinafamiliar.cl\/mf\/wordpress\/wp-content\/uploads\/2020\/04\/th-reflexiones-aps-pandemia-370x278.jpg 370w, https:\/\/www.medicinafamiliar.cl\/mf\/wordpress\/wp-content\/uploads\/2020\/04\/th-reflexiones-aps-pandemia-270x203.jpg 270w, https:\/\/www.medicinafamiliar.cl\/mf\/wordpress\/wp-content\/uploads\/2020\/04\/th-reflexiones-aps-pandemia-570x428.jpg 570w, https:\/\/www.medicinafamiliar.cl\/mf\/wordpress\/wp-content\/uploads\/2020\/04\/th-reflexiones-aps-pandemia-740x555.jpg 740w, https:\/\/www.medicinafamiliar.cl\/mf\/wordpress\/wp-content\/uploads\/2020\/04\/th-reflexiones-aps-pandemia-80x60.jpg 80w\" sizes=\"auto, (max-width: 760px) 100vw, 760px\" \/><\/figure>\n\n\n<p>El<strong> Dr. Juan Pablo Rubio<\/strong>, <strong>M\u00e9dico Residente de Medicina Familiar de la Universidad de Chile<\/strong>, public\u00f3 en su cuenta <strong>twitter<\/strong>, estas profundas reflexiones en torno al rol estrat\u00e9gico de la Atenci\u00f3n Primaria en el enfrentamiento de la Pandemia COVID19.<\/p>\n<p>A continuaci\u00f3n la publicaci\u00f3n completa:<\/p>\n<p>Hoy realic\u00e9 2 controles de ni\u00f1o sano (1 mes) en domicilio por la contigencia COVID-19. Al respecto me gustar\u00eda compartirle algunas reflexiones sobre el rol que tiene la estrategia de atenci\u00f3n primaria en el enfrentamiento de la pandemia.<\/p>\n<ul>\n<li>Una lactante estaba desnutrida y el otro ten\u00eda un testiculo no descendido. Cabe preguntarse si la APS puede volcarse \u00fanicamente a resolver la morbilidad de respiratoria, olvidando sus funciones fundamentales. La respuesta creo que es no, pues tambi\u00e9n existen consecuencias.<\/li>\n<li>La pandemia nos dejar\u00e1 muertos y problemas econ\u00f3micos, pero tambi\u00e9n aprendizajes. El abordaje familiar que se puede realizar en el control de un nuevo integrante es sin lugar a dudas una oportunidad \u00fanica para hacer promoci\u00f3n de la salud en el lugar m\u00e1s \u00edntimo del sist familiar.<\/li>\n<li>Debo reconocer que en t\u00e9rminos biom\u00e9dicos fue complejo: llevar la pesa, el tallimetro, oftalmoscopio, tablas de peso, y los m\u00faltiples formularios que hay q recordar. Pero la riqueza psicosocial de la instancia supera las dificultades. Una atenci\u00f3n mucho m\u00e1s integral y familiar.<\/li>\n<li>La familia completa tiene la oportunidad de involucrarse en el control del nuevo integrante. Hermanos, padre y abuelos escuchando muy interesados la educaci\u00f3n para la salud que se realiza. La crianza pasa a ser colectiva y no solamente en la madre!<\/li>\n<li>La APS tiene ventajas de sobra para enfrentar la pandemia: &#8211; Es flexible y por lo tanto adaptable. Si los pacientes no pueden ir al centro de salud, el centro lleva la atenci\u00f3n hacia los usuarios. &#8211; Estamos en la misma comunidad por lo que todo es m\u00e1s cercano y abordable.<\/li>\n<li>Hoy record\u00e9 porque me enamor\u00e9 de la APS, porque es el lugar ideal para abordar los problemas de salud desde una perspectiva biopsicosocial, familiar y comunitaria La \u00fanica posibilidad de entregar equidad y justicia en salud es con una APS fuerte y al servicio de las comunidades.<\/li>\n<\/ul>\n<p>Fuente: <a href=\"https:\/\/twitter.com\/jp_rubio_s\/status\/1245858482340806658\" target=\"_blank\" rel=\"noopener noreferrer\">Dr. Juan Pablo Rubio<\/a><br>Twitter: <a class=\"css-4rbku5 css-18t94o4 css-1dbjc4n r-1loqt21 r-1wbh5a2 r-dnmrzs r-1ny4l3l\" role=\"link\" href=\"https:\/\/twitter.com\/jp_rubio_s\" aria-haspopup=\"false\" data-focusable=\"true\"><span class=\"css-901oao css-16my406 r-1qd0xha r-ad9z0x r-bcqeeo r-qvutc0\">@jp_rubio_s<\/span><\/a><\/p>\n<p><\/p>","protected":false},"excerpt":{"rendered":"<p>Reflexiones del Dr. Juan Pablo Rubio, M\u00e9dico Residente de Medicina Familiar de la U. de Chile.<\/p>\n","protected":false},"author":1,"featured_media":318,"comment_status":"closed","ping_status":"closed","sticky":false,"template":"","format":"standard","meta":{"footnotes":""},"categories":[2,3],"tags":[14,20,81,61,69,77,80,25,18,62,82],"class_list":["post-314","post","type-post","status-publish","format-standard","has-post-thumbnail","hentry","category-noticias","category-portada","tag-aps","tag-atencion-primaria","tag-cesfam","tag-coronavirus","tag-covid19","tag-crisis-coronavirus","tag-crisis-covid19","tag-medicina-familiar","tag-mf","tag-pandemia","tag-rol-aps"],"_links":{"self":[{"href":"https:\/\/www.medicinafamiliar.cl\/mf\/wordpress\/wp-json\/wp\/v2\/posts\/314","targetHints":{"allow":["GET"]}}],"collection":[{"href":"https:\/\/www.medicinafamiliar.cl\/mf\/wordpress\/wp-json\/wp\/v2\/posts"}],"about":[{"href":"https:\/\/www.medicinafamiliar.cl\/mf\/wordpress\/wp-json\/wp\/v2\/types\/post"}],"author":[{"embeddable":true,"href":"https:\/\/www.medicinafamiliar.cl\/mf\/wordpress\/wp-json\/wp\/v2\/users\/1"}],"replies":[{"embeddable":true,"href":"https:\/\/www.medicinafamiliar.cl\/mf\/wordpress\/wp-json\/wp\/v2\/comments?post=314"}],"version-history":[{"count":5,"href":"https:\/\/www.medicinafamiliar.cl\/mf\/wordpress\/wp-json\/wp\/v2\/posts\/314\/revisions"}],"predecessor-version":[{"id":322,"href":"https:\/\/www.medicinafamiliar.cl\/mf\/wordpress\/wp-json\/wp\/v2\/posts\/314\/revisions\/322"}],"wp:featuredmedia":[{"embeddable":true,"href":"https:\/\/www.medicinafamiliar.cl\/mf\/wordpress\/wp-json\/wp\/v2\/media\/318"}],"wp:attachment":[{"href":"https:\/\/www.medicinafamiliar.cl\/mf\/wordpress\/wp-json\/wp\/v2\/media?parent=314"}],"wp:term":[{"taxonomy":"category","embeddable":true,"href":"https:\/\/www.medicinafamiliar.cl\/mf\/wordpress\/wp-json\/wp\/v2\/categories?post=314"},{"taxonomy":"post_tag","embeddable":true,"href":"https:\/\/www.medicinafamiliar.cl\/mf\/wordpress\/wp-json\/wp\/v2\/tags?post=314"}],"curies":[{"name":"wp","href":"https:\/\/api.w.org\/{rel}","templated":true}]}}