{"id":3020,"date":"2022-05-25T19:55:24","date_gmt":"2022-05-25T22:55:24","guid":{"rendered":"http:\/\/www.medicinafamiliar.cl\/mf\/wordpress\/?p=3020"},"modified":"2022-05-26T12:48:37","modified_gmt":"2022-05-26T15:48:37","slug":"sochimef-elige-nuevo-directorio","status":"publish","type":"post","link":"https:\/\/www.medicinafamiliar.cl\/mf\/wordpress\/2022\/05\/25\/sochimef-elige-nuevo-directorio\/","title":{"rendered":"SOCHIMEF elige nuevo Directorio"},"content":{"rendered":"<p style=\"text-align: justify;\">En Asamblea Ordinaria de alta convocatoria las socias y socios de nuestra Sociedad Chilena de Medicina Familiar, votaron por quienes fueron los candidatos para ser los nuevos integrantes del Directorio de nuestra Sociedad Chilena de Medicina Familiar.<\/p>\n<p><em><strong>Por Andrea del Pilar G\u00f3mez<\/strong><\/em><\/p>\n<p style=\"text-align: justify;\">En la votaci\u00f3n electr\u00f3nica, la Dra. Javiera Corbal\u00e1n obtuvo 56 votos, en segunda preferencia se situ\u00f3 la Dra. Roxana Sep\u00falveda con 50 votos, seguida por el Dr. Alexander Recabarren con 45 votos. El Dr.\u00a0 Patricio Thieme obtuvo 43 votos, la Dra. Andrea Didier 40, el Dr. Jorge L\u00f3pez 33 votos y la Dra. Carolina Gonz\u00e1lez 21 de las preferencias. Por su parte, las Dras. Gladys Caro y Macarena Moral obtuvieron 14 votos cada una y, la Dra. Lilian Fern\u00e1ndez, 6 de las preferencias.<\/p>\n<p style=\"text-align: justify;\">\u00a0<\/p>\n\n\n<figure class=\"wp-block-image size-large\"><img loading=\"lazy\" decoding=\"async\" width=\"740\" height=\"555\" src=\"https:\/\/www.medicinafamiliar.cl\/mf\/wordpress\/wp-content\/uploads\/2022\/05\/sochimef-asamblea-2022-nuevo-directorio-25.jpg\" alt=\"\" class=\"wp-image-3035\" srcset=\"https:\/\/www.medicinafamiliar.cl\/mf\/wordpress\/wp-content\/uploads\/2022\/05\/sochimef-asamblea-2022-nuevo-directorio-25.jpg 740w, https:\/\/www.medicinafamiliar.cl\/mf\/wordpress\/wp-content\/uploads\/2022\/05\/sochimef-asamblea-2022-nuevo-directorio-25-300x225.jpg 300w, https:\/\/www.medicinafamiliar.cl\/mf\/wordpress\/wp-content\/uploads\/2022\/05\/sochimef-asamblea-2022-nuevo-directorio-25-370x278.jpg 370w, https:\/\/www.medicinafamiliar.cl\/mf\/wordpress\/wp-content\/uploads\/2022\/05\/sochimef-asamblea-2022-nuevo-directorio-25-270x203.jpg 270w, https:\/\/www.medicinafamiliar.cl\/mf\/wordpress\/wp-content\/uploads\/2022\/05\/sochimef-asamblea-2022-nuevo-directorio-25-570x428.jpg 570w, https:\/\/www.medicinafamiliar.cl\/mf\/wordpress\/wp-content\/uploads\/2022\/05\/sochimef-asamblea-2022-nuevo-directorio-25-80x60.jpg 80w\" sizes=\"auto, (max-width: 740px) 100vw, 740px\" \/><figcaption><em> De Izq a Der: Dra. Roxana Sep\u00falveda,  Dra. Javiera Corbal\u00e1n, Dra. Carolina Gonz\u00e1lez<br> Dr.&nbsp; Patricio Thieme,  Dra. Andrea Didier, Dr. Alexander Recabarren, Dr. Jorge L\u00f3pez<\/em><\/figcaption><\/figure>\n\n\n<p style=\"text-align: justify;\"><strong>BALANCE DIRECTORIO 2021-2022<br><\/strong>La Asamblea ordinaria fue conducida por la Dra. Carolina Gonz\u00e1lez, presidente de SOCHIMEF, y adem\u00e1s tuvo como objetivo entregar la Cuenta Anual Mayo 2021-2022, el Balance de la gesti\u00f3n del Directorio que culmina su per\u00edodo, la elecci\u00f3n del Comit\u00e9 revisor de Cuentas, e incluy\u00f3 un homenaje a los Socios Honorarios 2022, adem\u00e1s de la elecci\u00f3n del Directorio 2022- 2023.<\/p>\n<p style=\"text-align: justify;\">Entre las actividades del \u00faltimo per\u00edodo destacan iniciativas como el desarrollo del Taller de Resiliencia, el lanzamiento del N\u00famero 15 de nuestra Revista Chilena de Medicina Familiar \u201cExperiencias de APS\u201d, la Mesa Redonda \u201cAtenci\u00f3n Centrada en la Persona\u201d, con invitados internacionales como las M\u00e9dicas de Familia Dra. Ver\u00f3nica Casado y Dra. Sof\u00eda Cuba. Adem\u00e1s del exitoso XXII Congreso Construyendo Salud en Sociedad; la Celebraci\u00f3n del 30\u00b0 Aniversario SOCHIMEF con Edici\u00f3n Especial de la Revista Chilena de Medicina Familiar, la reciente II Jornada de Investigaci\u00f3n y una participativa jornada de celebraci\u00f3n paralela por el D\u00eda del M\u00e9dico Familiar, entre otros avances como la actual representaci\u00f3n de socias y socios SOCHIMEF en distintas instancias relevantes para el desarrollo de la Medicina Familiar, tanto a nivel nacional como internacional.<\/p>\n<p style=\"text-align: justify;\"><strong>SOCIOS HONORARIOS 2022<br><\/strong>En la reciente Asamblea Ordinaria, tambi\u00e9n se reconoci\u00f3 el aporte en la Medicina Familiar de nuestros Socios Honorarios 2022, Dr. \u00d3scar Fern\u00e1ndez Fuentealba, Dr. Ariel G\u00f3mez Arancibia, Dra. Paulina Lillo Arce, Dra. Cecilia Requena Gilabert y Dra. Cecilia Rold\u00e1n Valenzuela.<\/p>\n\n\n<figure class=\"wp-block-gallery columns-2 is-cropped wp-block-gallery-1 is-layout-flex wp-block-gallery-is-layout-flex\"><ul class=\"blocks-gallery-grid\"><li class=\"blocks-gallery-item\"><figure><img loading=\"lazy\" decoding=\"async\" width=\"760\" height=\"570\" src=\"https:\/\/www.medicinafamiliar.cl\/mf\/wordpress\/wp-content\/uploads\/2022\/05\/sochimef-asamblea-2022-01.jpg\" alt=\"\" data-id=\"3024\" data-link=\"https:\/\/www.medicinafamiliar.cl\/mf\/wordpress\/?attachment_id=3024\" class=\"wp-image-3024\" srcset=\"https:\/\/www.medicinafamiliar.cl\/mf\/wordpress\/wp-content\/uploads\/2022\/05\/sochimef-asamblea-2022-01.jpg 760w, https:\/\/www.medicinafamiliar.cl\/mf\/wordpress\/wp-content\/uploads\/2022\/05\/sochimef-asamblea-2022-01-300x225.jpg 300w, https:\/\/www.medicinafamiliar.cl\/mf\/wordpress\/wp-content\/uploads\/2022\/05\/sochimef-asamblea-2022-01-370x278.jpg 370w, https:\/\/www.medicinafamiliar.cl\/mf\/wordpress\/wp-content\/uploads\/2022\/05\/sochimef-asamblea-2022-01-270x203.jpg 270w, https:\/\/www.medicinafamiliar.cl\/mf\/wordpress\/wp-content\/uploads\/2022\/05\/sochimef-asamblea-2022-01-570x428.jpg 570w, https:\/\/www.medicinafamiliar.cl\/mf\/wordpress\/wp-content\/uploads\/2022\/05\/sochimef-asamblea-2022-01-740x555.jpg 740w, https:\/\/www.medicinafamiliar.cl\/mf\/wordpress\/wp-content\/uploads\/2022\/05\/sochimef-asamblea-2022-01-80x60.jpg 80w\" sizes=\"auto, (max-width: 760px) 100vw, 760px\" \/><\/figure><\/li><li class=\"blocks-gallery-item\"><figure><img loading=\"lazy\" decoding=\"async\" width=\"760\" height=\"570\" src=\"https:\/\/www.medicinafamiliar.cl\/mf\/wordpress\/wp-content\/uploads\/2022\/05\/sochimef-asamblea-2022-02.jpg\" alt=\"\" data-id=\"3025\" data-link=\"https:\/\/www.medicinafamiliar.cl\/mf\/wordpress\/?attachment_id=3025\" class=\"wp-image-3025\" srcset=\"https:\/\/www.medicinafamiliar.cl\/mf\/wordpress\/wp-content\/uploads\/2022\/05\/sochimef-asamblea-2022-02.jpg 760w, https:\/\/www.medicinafamiliar.cl\/mf\/wordpress\/wp-content\/uploads\/2022\/05\/sochimef-asamblea-2022-02-300x225.jpg 300w, https:\/\/www.medicinafamiliar.cl\/mf\/wordpress\/wp-content\/uploads\/2022\/05\/sochimef-asamblea-2022-02-370x278.jpg 370w, https:\/\/www.medicinafamiliar.cl\/mf\/wordpress\/wp-content\/uploads\/2022\/05\/sochimef-asamblea-2022-02-270x203.jpg 270w, https:\/\/www.medicinafamiliar.cl\/mf\/wordpress\/wp-content\/uploads\/2022\/05\/sochimef-asamblea-2022-02-570x428.jpg 570w, https:\/\/www.medicinafamiliar.cl\/mf\/wordpress\/wp-content\/uploads\/2022\/05\/sochimef-asamblea-2022-02-740x555.jpg 740w, https:\/\/www.medicinafamiliar.cl\/mf\/wordpress\/wp-content\/uploads\/2022\/05\/sochimef-asamblea-2022-02-80x60.jpg 80w\" sizes=\"auto, (max-width: 760px) 100vw, 760px\" \/><\/figure><\/li><li class=\"blocks-gallery-item\"><figure><img loading=\"lazy\" decoding=\"async\" width=\"760\" height=\"570\" src=\"https:\/\/www.medicinafamiliar.cl\/mf\/wordpress\/wp-content\/uploads\/2022\/05\/sochimef-asamblea-2022-08.jpg\" alt=\"\" data-id=\"3031\" data-full-url=\"https:\/\/www.medicinafamiliar.cl\/mf\/wordpress\/wp-content\/uploads\/2022\/05\/sochimef-asamblea-2022-08.jpg\" data-link=\"https:\/\/www.medicinafamiliar.cl\/mf\/wordpress\/?attachment_id=3031\" class=\"wp-image-3031\" srcset=\"https:\/\/www.medicinafamiliar.cl\/mf\/wordpress\/wp-content\/uploads\/2022\/05\/sochimef-asamblea-2022-08.jpg 760w, https:\/\/www.medicinafamiliar.cl\/mf\/wordpress\/wp-content\/uploads\/2022\/05\/sochimef-asamblea-2022-08-300x225.jpg 300w, https:\/\/www.medicinafamiliar.cl\/mf\/wordpress\/wp-content\/uploads\/2022\/05\/sochimef-asamblea-2022-08-370x278.jpg 370w, https:\/\/www.medicinafamiliar.cl\/mf\/wordpress\/wp-content\/uploads\/2022\/05\/sochimef-asamblea-2022-08-270x203.jpg 270w, https:\/\/www.medicinafamiliar.cl\/mf\/wordpress\/wp-content\/uploads\/2022\/05\/sochimef-asamblea-2022-08-570x428.jpg 570w, https:\/\/www.medicinafamiliar.cl\/mf\/wordpress\/wp-content\/uploads\/2022\/05\/sochimef-asamblea-2022-08-740x555.jpg 740w, https:\/\/www.medicinafamiliar.cl\/mf\/wordpress\/wp-content\/uploads\/2022\/05\/sochimef-asamblea-2022-08-80x60.jpg 80w\" sizes=\"auto, (max-width: 760px) 100vw, 760px\" \/><\/figure><\/li><li class=\"blocks-gallery-item\"><figure><img loading=\"lazy\" decoding=\"async\" width=\"760\" height=\"570\" src=\"https:\/\/www.medicinafamiliar.cl\/mf\/wordpress\/wp-content\/uploads\/2022\/05\/sochimef-asamblea-2022-03.jpg\" alt=\"\" data-id=\"3026\" data-link=\"https:\/\/www.medicinafamiliar.cl\/mf\/wordpress\/?attachment_id=3026\" class=\"wp-image-3026\" srcset=\"https:\/\/www.medicinafamiliar.cl\/mf\/wordpress\/wp-content\/uploads\/2022\/05\/sochimef-asamblea-2022-03.jpg 760w, https:\/\/www.medicinafamiliar.cl\/mf\/wordpress\/wp-content\/uploads\/2022\/05\/sochimef-asamblea-2022-03-300x225.jpg 300w, https:\/\/www.medicinafamiliar.cl\/mf\/wordpress\/wp-content\/uploads\/2022\/05\/sochimef-asamblea-2022-03-370x278.jpg 370w, https:\/\/www.medicinafamiliar.cl\/mf\/wordpress\/wp-content\/uploads\/2022\/05\/sochimef-asamblea-2022-03-270x203.jpg 270w, https:\/\/www.medicinafamiliar.cl\/mf\/wordpress\/wp-content\/uploads\/2022\/05\/sochimef-asamblea-2022-03-570x428.jpg 570w, https:\/\/www.medicinafamiliar.cl\/mf\/wordpress\/wp-content\/uploads\/2022\/05\/sochimef-asamblea-2022-03-740x555.jpg 740w, https:\/\/www.medicinafamiliar.cl\/mf\/wordpress\/wp-content\/uploads\/2022\/05\/sochimef-asamblea-2022-03-80x60.jpg 80w\" sizes=\"auto, (max-width: 760px) 100vw, 760px\" \/><\/figure><\/li><li class=\"blocks-gallery-item\"><figure><img loading=\"lazy\" decoding=\"async\" width=\"760\" height=\"570\" src=\"https:\/\/www.medicinafamiliar.cl\/mf\/wordpress\/wp-content\/uploads\/2022\/05\/sochimef-asamblea-2022-04.jpg\" alt=\"\" data-id=\"3027\" data-link=\"https:\/\/www.medicinafamiliar.cl\/mf\/wordpress\/?attachment_id=3027\" class=\"wp-image-3027\" srcset=\"https:\/\/www.medicinafamiliar.cl\/mf\/wordpress\/wp-content\/uploads\/2022\/05\/sochimef-asamblea-2022-04.jpg 760w, https:\/\/www.medicinafamiliar.cl\/mf\/wordpress\/wp-content\/uploads\/2022\/05\/sochimef-asamblea-2022-04-300x225.jpg 300w, https:\/\/www.medicinafamiliar.cl\/mf\/wordpress\/wp-content\/uploads\/2022\/05\/sochimef-asamblea-2022-04-370x278.jpg 370w, https:\/\/www.medicinafamiliar.cl\/mf\/wordpress\/wp-content\/uploads\/2022\/05\/sochimef-asamblea-2022-04-270x203.jpg 270w, https:\/\/www.medicinafamiliar.cl\/mf\/wordpress\/wp-content\/uploads\/2022\/05\/sochimef-asamblea-2022-04-570x428.jpg 570w, https:\/\/www.medicinafamiliar.cl\/mf\/wordpress\/wp-content\/uploads\/2022\/05\/sochimef-asamblea-2022-04-740x555.jpg 740w, https:\/\/www.medicinafamiliar.cl\/mf\/wordpress\/wp-content\/uploads\/2022\/05\/sochimef-asamblea-2022-04-80x60.jpg 80w\" sizes=\"auto, (max-width: 760px) 100vw, 760px\" \/><\/figure><\/li><li class=\"blocks-gallery-item\"><figure><img loading=\"lazy\" decoding=\"async\" width=\"760\" height=\"570\" src=\"https:\/\/www.medicinafamiliar.cl\/mf\/wordpress\/wp-content\/uploads\/2022\/05\/sochimef-asamblea-2022-05.jpg\" alt=\"\" data-id=\"3028\" data-link=\"https:\/\/www.medicinafamiliar.cl\/mf\/wordpress\/?attachment_id=3028\" class=\"wp-image-3028\" srcset=\"https:\/\/www.medicinafamiliar.cl\/mf\/wordpress\/wp-content\/uploads\/2022\/05\/sochimef-asamblea-2022-05.jpg 760w, https:\/\/www.medicinafamiliar.cl\/mf\/wordpress\/wp-content\/uploads\/2022\/05\/sochimef-asamblea-2022-05-300x225.jpg 300w, https:\/\/www.medicinafamiliar.cl\/mf\/wordpress\/wp-content\/uploads\/2022\/05\/sochimef-asamblea-2022-05-370x278.jpg 370w, https:\/\/www.medicinafamiliar.cl\/mf\/wordpress\/wp-content\/uploads\/2022\/05\/sochimef-asamblea-2022-05-270x203.jpg 270w, https:\/\/www.medicinafamiliar.cl\/mf\/wordpress\/wp-content\/uploads\/2022\/05\/sochimef-asamblea-2022-05-570x428.jpg 570w, https:\/\/www.medicinafamiliar.cl\/mf\/wordpress\/wp-content\/uploads\/2022\/05\/sochimef-asamblea-2022-05-740x555.jpg 740w, https:\/\/www.medicinafamiliar.cl\/mf\/wordpress\/wp-content\/uploads\/2022\/05\/sochimef-asamblea-2022-05-80x60.jpg 80w\" sizes=\"auto, (max-width: 760px) 100vw, 760px\" \/><\/figure><\/li><li class=\"blocks-gallery-item\"><figure><img loading=\"lazy\" decoding=\"async\" width=\"760\" height=\"570\" src=\"https:\/\/www.medicinafamiliar.cl\/mf\/wordpress\/wp-content\/uploads\/2022\/05\/sochimef-asamblea-2022-06.jpg\" alt=\"\" data-id=\"3029\" data-link=\"https:\/\/www.medicinafamiliar.cl\/mf\/wordpress\/?attachment_id=3029\" class=\"wp-image-3029\" srcset=\"https:\/\/www.medicinafamiliar.cl\/mf\/wordpress\/wp-content\/uploads\/2022\/05\/sochimef-asamblea-2022-06.jpg 760w, https:\/\/www.medicinafamiliar.cl\/mf\/wordpress\/wp-content\/uploads\/2022\/05\/sochimef-asamblea-2022-06-300x225.jpg 300w, https:\/\/www.medicinafamiliar.cl\/mf\/wordpress\/wp-content\/uploads\/2022\/05\/sochimef-asamblea-2022-06-370x278.jpg 370w, https:\/\/www.medicinafamiliar.cl\/mf\/wordpress\/wp-content\/uploads\/2022\/05\/sochimef-asamblea-2022-06-270x203.jpg 270w, https:\/\/www.medicinafamiliar.cl\/mf\/wordpress\/wp-content\/uploads\/2022\/05\/sochimef-asamblea-2022-06-570x428.jpg 570w, https:\/\/www.medicinafamiliar.cl\/mf\/wordpress\/wp-content\/uploads\/2022\/05\/sochimef-asamblea-2022-06-740x555.jpg 740w, https:\/\/www.medicinafamiliar.cl\/mf\/wordpress\/wp-content\/uploads\/2022\/05\/sochimef-asamblea-2022-06-80x60.jpg 80w\" sizes=\"auto, (max-width: 760px) 100vw, 760px\" \/><\/figure><\/li><li class=\"blocks-gallery-item\"><figure><img loading=\"lazy\" decoding=\"async\" width=\"760\" height=\"570\" src=\"https:\/\/www.medicinafamiliar.cl\/mf\/wordpress\/wp-content\/uploads\/2022\/05\/sochimef-asamblea-2022-07.jpg\" alt=\"\" data-id=\"3030\" data-link=\"https:\/\/www.medicinafamiliar.cl\/mf\/wordpress\/?attachment_id=3030\" class=\"wp-image-3030\" srcset=\"https:\/\/www.medicinafamiliar.cl\/mf\/wordpress\/wp-content\/uploads\/2022\/05\/sochimef-asamblea-2022-07.jpg 760w, https:\/\/www.medicinafamiliar.cl\/mf\/wordpress\/wp-content\/uploads\/2022\/05\/sochimef-asamblea-2022-07-300x225.jpg 300w, https:\/\/www.medicinafamiliar.cl\/mf\/wordpress\/wp-content\/uploads\/2022\/05\/sochimef-asamblea-2022-07-370x278.jpg 370w, https:\/\/www.medicinafamiliar.cl\/mf\/wordpress\/wp-content\/uploads\/2022\/05\/sochimef-asamblea-2022-07-270x203.jpg 270w, https:\/\/www.medicinafamiliar.cl\/mf\/wordpress\/wp-content\/uploads\/2022\/05\/sochimef-asamblea-2022-07-570x428.jpg 570w, https:\/\/www.medicinafamiliar.cl\/mf\/wordpress\/wp-content\/uploads\/2022\/05\/sochimef-asamblea-2022-07-740x555.jpg 740w, https:\/\/www.medicinafamiliar.cl\/mf\/wordpress\/wp-content\/uploads\/2022\/05\/sochimef-asamblea-2022-07-80x60.jpg 80w\" sizes=\"auto, (max-width: 760px) 100vw, 760px\" \/><\/figure><\/li><\/ul><\/figure>\n","protected":false},"excerpt":{"rendered":"<p>En Asamblea Ordinaria el pasado 21 de Mayo 2022<\/p>\n","protected":false},"author":1,"featured_media":3023,"comment_status":"closed","ping_status":"closed","sticky":false,"template":"","format":"standard","meta":{"footnotes":""},"categories":[2,3],"tags":[368,367,93,24,371],"class_list":["post-3020","post","type-post","status-publish","format-standard","has-post-thumbnail","hentry","category-noticias","category-portada","tag-asamblea-ordinaria-anual","tag-asamblea-sochimef","tag-eleccion-de-directorio","tag-sochimef","tag-socios-honorarios"],"_links":{"self":[{"href":"https:\/\/www.medicinafamiliar.cl\/mf\/wordpress\/wp-json\/wp\/v2\/posts\/3020","targetHints":{"allow":["GET"]}}],"collection":[{"href":"https:\/\/www.medicinafamiliar.cl\/mf\/wordpress\/wp-json\/wp\/v2\/posts"}],"about":[{"href":"https:\/\/www.medicinafamiliar.cl\/mf\/wordpress\/wp-json\/wp\/v2\/types\/post"}],"author":[{"embeddable":true,"href":"https:\/\/www.medicinafamiliar.cl\/mf\/wordpress\/wp-json\/wp\/v2\/users\/1"}],"replies":[{"embeddable":true,"href":"https:\/\/www.medicinafamiliar.cl\/mf\/wordpress\/wp-json\/wp\/v2\/comments?post=3020"}],"version-history":[{"count":5,"href":"https:\/\/www.medicinafamiliar.cl\/mf\/wordpress\/wp-json\/wp\/v2\/posts\/3020\/revisions"}],"predecessor-version":[{"id":3036,"href":"https:\/\/www.medicinafamiliar.cl\/mf\/wordpress\/wp-json\/wp\/v2\/posts\/3020\/revisions\/3036"}],"wp:featuredmedia":[{"embeddable":true,"href":"https:\/\/www.medicinafamiliar.cl\/mf\/wordpress\/wp-json\/wp\/v2\/media\/3023"}],"wp:attachment":[{"href":"https:\/\/www.medicinafamiliar.cl\/mf\/wordpress\/wp-json\/wp\/v2\/media?parent=3020"}],"wp:term":[{"taxonomy":"category","embeddable":true,"href":"https:\/\/www.medicinafamiliar.cl\/mf\/wordpress\/wp-json\/wp\/v2\/categories?post=3020"},{"taxonomy":"post_tag","embeddable":true,"href":"https:\/\/www.medicinafamiliar.cl\/mf\/wordpress\/wp-json\/wp\/v2\/tags?post=3020"}],"curies":[{"name":"wp","href":"https:\/\/api.w.org\/{rel}","templated":true}]}}