{"id":2996,"date":"2022-05-23T21:22:42","date_gmt":"2022-05-24T00:22:42","guid":{"rendered":"http:\/\/www.medicinafamiliar.cl\/mf\/wordpress\/?p=2996"},"modified":"2022-05-23T21:25:40","modified_gmt":"2022-05-24T00:25:40","slug":"sochimef-celebra-dia-del-medico-y-medicas-de-familia-2022","status":"publish","type":"post","link":"https:\/\/www.medicinafamiliar.cl\/mf\/wordpress\/2022\/05\/23\/sochimef-celebra-dia-del-medico-y-medicas-de-familia-2022\/","title":{"rendered":"SOCHIMEF celebra D\u00eda del M\u00e9dico y M\u00e9dicas de Familia 2022"},"content":{"rendered":"<p style=\"text-align: justify;\">Nuestra Sociedad Chilena de Medicina Familiar se uni\u00f3 al festejo mundial a la dedicaci\u00f3n y labor desarrollada por cada una de los M\u00e9dicos y M\u00e9dicas de Familia que cada 19 de mayo conmemoran su d\u00eda.<\/p>\n<p style=\"text-align: justify;\">Estamos muy contentos luego de una jornada en que se unieron distintas generaciones de M\u00e9dicos y M\u00e9dicas de Familia. Agradecemos la alta participaci\u00f3n de nuestras socias y socios en este encuentro realizado de forma paralela en Santiago, Rancagua, Valpara\u00edso, Parral, Temuco, Osorno, Puerto Montt, Valdivia y Coyhaique, con los que pudimos conectarnos adem\u00e1s v\u00eda internet.<\/p>\n<p style=\"text-align: justify;\">\u00a1Muchas gracias por compartir la celebraci\u00f3n de este d\u00eda tan especial!, fue parte del saludo de la presidenta de la Sociedad Chilena de Medicina Familiar, Dra. Carolina Gonz\u00e1lez en la ocasi\u00f3n.<\/p>\n<p style=\"text-align: justify;\">Desde SOCHIMEF quisimos materializar el merecido homenaje a especialistas en Medicina de Familia y Comunitaria que a trav\u00e9s de nuestra especialidad honran el compromiso por desarrollar una atenci\u00f3n m\u00e9dica integral a las personas y mejorar adem\u00e1s la salud en nuestro pa\u00eds.<\/p>\n\n\n<figure class=\"wp-block-gallery columns-2 is-cropped wp-block-gallery-1 is-layout-flex wp-block-gallery-is-layout-flex\"><ul class=\"blocks-gallery-grid\"><li class=\"blocks-gallery-item\"><figure><img loading=\"lazy\" decoding=\"async\" width=\"760\" height=\"570\" src=\"https:\/\/www.medicinafamiliar.cl\/mf\/wordpress\/wp-content\/uploads\/2022\/05\/sochimef-celebracion-dia-mf-2022-01.jpg\" alt=\"\" data-id=\"2999\" data-link=\"https:\/\/www.medicinafamiliar.cl\/mf\/wordpress\/?attachment_id=2999\" class=\"wp-image-2999\" srcset=\"https:\/\/www.medicinafamiliar.cl\/mf\/wordpress\/wp-content\/uploads\/2022\/05\/sochimef-celebracion-dia-mf-2022-01.jpg 760w, https:\/\/www.medicinafamiliar.cl\/mf\/wordpress\/wp-content\/uploads\/2022\/05\/sochimef-celebracion-dia-mf-2022-01-300x225.jpg 300w, https:\/\/www.medicinafamiliar.cl\/mf\/wordpress\/wp-content\/uploads\/2022\/05\/sochimef-celebracion-dia-mf-2022-01-370x278.jpg 370w, https:\/\/www.medicinafamiliar.cl\/mf\/wordpress\/wp-content\/uploads\/2022\/05\/sochimef-celebracion-dia-mf-2022-01-270x203.jpg 270w, https:\/\/www.medicinafamiliar.cl\/mf\/wordpress\/wp-content\/uploads\/2022\/05\/sochimef-celebracion-dia-mf-2022-01-570x428.jpg 570w, https:\/\/www.medicinafamiliar.cl\/mf\/wordpress\/wp-content\/uploads\/2022\/05\/sochimef-celebracion-dia-mf-2022-01-740x555.jpg 740w, https:\/\/www.medicinafamiliar.cl\/mf\/wordpress\/wp-content\/uploads\/2022\/05\/sochimef-celebracion-dia-mf-2022-01-80x60.jpg 80w\" sizes=\"auto, (max-width: 760px) 100vw, 760px\" \/><\/figure><\/li><li class=\"blocks-gallery-item\"><figure><img loading=\"lazy\" decoding=\"async\" width=\"760\" height=\"570\" src=\"https:\/\/www.medicinafamiliar.cl\/mf\/wordpress\/wp-content\/uploads\/2022\/05\/sochimef-celebracion-dia-mf-2022-02.jpg\" alt=\"\" data-id=\"3000\" data-link=\"https:\/\/www.medicinafamiliar.cl\/mf\/wordpress\/?attachment_id=3000\" class=\"wp-image-3000\" srcset=\"https:\/\/www.medicinafamiliar.cl\/mf\/wordpress\/wp-content\/uploads\/2022\/05\/sochimef-celebracion-dia-mf-2022-02.jpg 760w, https:\/\/www.medicinafamiliar.cl\/mf\/wordpress\/wp-content\/uploads\/2022\/05\/sochimef-celebracion-dia-mf-2022-02-300x225.jpg 300w, https:\/\/www.medicinafamiliar.cl\/mf\/wordpress\/wp-content\/uploads\/2022\/05\/sochimef-celebracion-dia-mf-2022-02-370x278.jpg 370w, https:\/\/www.medicinafamiliar.cl\/mf\/wordpress\/wp-content\/uploads\/2022\/05\/sochimef-celebracion-dia-mf-2022-02-270x203.jpg 270w, https:\/\/www.medicinafamiliar.cl\/mf\/wordpress\/wp-content\/uploads\/2022\/05\/sochimef-celebracion-dia-mf-2022-02-570x428.jpg 570w, https:\/\/www.medicinafamiliar.cl\/mf\/wordpress\/wp-content\/uploads\/2022\/05\/sochimef-celebracion-dia-mf-2022-02-740x555.jpg 740w, https:\/\/www.medicinafamiliar.cl\/mf\/wordpress\/wp-content\/uploads\/2022\/05\/sochimef-celebracion-dia-mf-2022-02-80x60.jpg 80w\" sizes=\"auto, (max-width: 760px) 100vw, 760px\" \/><\/figure><\/li><li class=\"blocks-gallery-item\"><figure><img loading=\"lazy\" decoding=\"async\" width=\"760\" height=\"570\" src=\"https:\/\/www.medicinafamiliar.cl\/mf\/wordpress\/wp-content\/uploads\/2022\/05\/sochimef-celebracion-dia-mf-2022-03.jpg\" alt=\"\" data-id=\"3001\" data-link=\"https:\/\/www.medicinafamiliar.cl\/mf\/wordpress\/?attachment_id=3001\" class=\"wp-image-3001\" srcset=\"https:\/\/www.medicinafamiliar.cl\/mf\/wordpress\/wp-content\/uploads\/2022\/05\/sochimef-celebracion-dia-mf-2022-03.jpg 760w, https:\/\/www.medicinafamiliar.cl\/mf\/wordpress\/wp-content\/uploads\/2022\/05\/sochimef-celebracion-dia-mf-2022-03-300x225.jpg 300w, https:\/\/www.medicinafamiliar.cl\/mf\/wordpress\/wp-content\/uploads\/2022\/05\/sochimef-celebracion-dia-mf-2022-03-370x278.jpg 370w, https:\/\/www.medicinafamiliar.cl\/mf\/wordpress\/wp-content\/uploads\/2022\/05\/sochimef-celebracion-dia-mf-2022-03-270x203.jpg 270w, https:\/\/www.medicinafamiliar.cl\/mf\/wordpress\/wp-content\/uploads\/2022\/05\/sochimef-celebracion-dia-mf-2022-03-570x428.jpg 570w, https:\/\/www.medicinafamiliar.cl\/mf\/wordpress\/wp-content\/uploads\/2022\/05\/sochimef-celebracion-dia-mf-2022-03-740x555.jpg 740w, https:\/\/www.medicinafamiliar.cl\/mf\/wordpress\/wp-content\/uploads\/2022\/05\/sochimef-celebracion-dia-mf-2022-03-80x60.jpg 80w\" sizes=\"auto, (max-width: 760px) 100vw, 760px\" \/><\/figure><\/li><li class=\"blocks-gallery-item\"><figure><img loading=\"lazy\" decoding=\"async\" width=\"760\" height=\"570\" src=\"https:\/\/www.medicinafamiliar.cl\/mf\/wordpress\/wp-content\/uploads\/2022\/05\/sochimef-celebracion-dia-mf-2022-04.jpg\" alt=\"\" data-id=\"3002\" data-link=\"https:\/\/www.medicinafamiliar.cl\/mf\/wordpress\/?attachment_id=3002\" class=\"wp-image-3002\" srcset=\"https:\/\/www.medicinafamiliar.cl\/mf\/wordpress\/wp-content\/uploads\/2022\/05\/sochimef-celebracion-dia-mf-2022-04.jpg 760w, https:\/\/www.medicinafamiliar.cl\/mf\/wordpress\/wp-content\/uploads\/2022\/05\/sochimef-celebracion-dia-mf-2022-04-300x225.jpg 300w, https:\/\/www.medicinafamiliar.cl\/mf\/wordpress\/wp-content\/uploads\/2022\/05\/sochimef-celebracion-dia-mf-2022-04-370x278.jpg 370w, https:\/\/www.medicinafamiliar.cl\/mf\/wordpress\/wp-content\/uploads\/2022\/05\/sochimef-celebracion-dia-mf-2022-04-270x203.jpg 270w, https:\/\/www.medicinafamiliar.cl\/mf\/wordpress\/wp-content\/uploads\/2022\/05\/sochimef-celebracion-dia-mf-2022-04-570x428.jpg 570w, https:\/\/www.medicinafamiliar.cl\/mf\/wordpress\/wp-content\/uploads\/2022\/05\/sochimef-celebracion-dia-mf-2022-04-740x555.jpg 740w, https:\/\/www.medicinafamiliar.cl\/mf\/wordpress\/wp-content\/uploads\/2022\/05\/sochimef-celebracion-dia-mf-2022-04-80x60.jpg 80w\" sizes=\"auto, (max-width: 760px) 100vw, 760px\" \/><\/figure><\/li><li class=\"blocks-gallery-item\"><figure><img loading=\"lazy\" decoding=\"async\" width=\"760\" height=\"570\" src=\"https:\/\/www.medicinafamiliar.cl\/mf\/wordpress\/wp-content\/uploads\/2022\/05\/sochimef-celebracion-dia-mf-2022-05.jpg\" alt=\"\" data-id=\"3003\" data-link=\"https:\/\/www.medicinafamiliar.cl\/mf\/wordpress\/?attachment_id=3003\" class=\"wp-image-3003\" srcset=\"https:\/\/www.medicinafamiliar.cl\/mf\/wordpress\/wp-content\/uploads\/2022\/05\/sochimef-celebracion-dia-mf-2022-05.jpg 760w, https:\/\/www.medicinafamiliar.cl\/mf\/wordpress\/wp-content\/uploads\/2022\/05\/sochimef-celebracion-dia-mf-2022-05-300x225.jpg 300w, https:\/\/www.medicinafamiliar.cl\/mf\/wordpress\/wp-content\/uploads\/2022\/05\/sochimef-celebracion-dia-mf-2022-05-370x278.jpg 370w, https:\/\/www.medicinafamiliar.cl\/mf\/wordpress\/wp-content\/uploads\/2022\/05\/sochimef-celebracion-dia-mf-2022-05-270x203.jpg 270w, https:\/\/www.medicinafamiliar.cl\/mf\/wordpress\/wp-content\/uploads\/2022\/05\/sochimef-celebracion-dia-mf-2022-05-570x428.jpg 570w, https:\/\/www.medicinafamiliar.cl\/mf\/wordpress\/wp-content\/uploads\/2022\/05\/sochimef-celebracion-dia-mf-2022-05-740x555.jpg 740w, https:\/\/www.medicinafamiliar.cl\/mf\/wordpress\/wp-content\/uploads\/2022\/05\/sochimef-celebracion-dia-mf-2022-05-80x60.jpg 80w\" sizes=\"auto, (max-width: 760px) 100vw, 760px\" \/><\/figure><\/li><li class=\"blocks-gallery-item\"><figure><img loading=\"lazy\" decoding=\"async\" width=\"760\" height=\"570\" src=\"https:\/\/www.medicinafamiliar.cl\/mf\/wordpress\/wp-content\/uploads\/2022\/05\/sochimef-celebracion-dia-mf-2022-06.jpg\" alt=\"\" data-id=\"3005\" data-link=\"https:\/\/www.medicinafamiliar.cl\/mf\/wordpress\/?attachment_id=3005\" class=\"wp-image-3005\" srcset=\"https:\/\/www.medicinafamiliar.cl\/mf\/wordpress\/wp-content\/uploads\/2022\/05\/sochimef-celebracion-dia-mf-2022-06.jpg 760w, https:\/\/www.medicinafamiliar.cl\/mf\/wordpress\/wp-content\/uploads\/2022\/05\/sochimef-celebracion-dia-mf-2022-06-300x225.jpg 300w, https:\/\/www.medicinafamiliar.cl\/mf\/wordpress\/wp-content\/uploads\/2022\/05\/sochimef-celebracion-dia-mf-2022-06-370x278.jpg 370w, https:\/\/www.medicinafamiliar.cl\/mf\/wordpress\/wp-content\/uploads\/2022\/05\/sochimef-celebracion-dia-mf-2022-06-270x203.jpg 270w, https:\/\/www.medicinafamiliar.cl\/mf\/wordpress\/wp-content\/uploads\/2022\/05\/sochimef-celebracion-dia-mf-2022-06-570x428.jpg 570w, https:\/\/www.medicinafamiliar.cl\/mf\/wordpress\/wp-content\/uploads\/2022\/05\/sochimef-celebracion-dia-mf-2022-06-740x555.jpg 740w, https:\/\/www.medicinafamiliar.cl\/mf\/wordpress\/wp-content\/uploads\/2022\/05\/sochimef-celebracion-dia-mf-2022-06-80x60.jpg 80w\" sizes=\"auto, (max-width: 760px) 100vw, 760px\" \/><\/figure><\/li><li class=\"blocks-gallery-item\"><figure><img loading=\"lazy\" decoding=\"async\" width=\"760\" height=\"570\" src=\"https:\/\/www.medicinafamiliar.cl\/mf\/wordpress\/wp-content\/uploads\/2022\/05\/sochimef-celebracion-dia-mf-2022-07.jpg\" alt=\"\" data-id=\"3006\" data-link=\"https:\/\/www.medicinafamiliar.cl\/mf\/wordpress\/?attachment_id=3006\" class=\"wp-image-3006\" srcset=\"https:\/\/www.medicinafamiliar.cl\/mf\/wordpress\/wp-content\/uploads\/2022\/05\/sochimef-celebracion-dia-mf-2022-07.jpg 760w, https:\/\/www.medicinafamiliar.cl\/mf\/wordpress\/wp-content\/uploads\/2022\/05\/sochimef-celebracion-dia-mf-2022-07-300x225.jpg 300w, https:\/\/www.medicinafamiliar.cl\/mf\/wordpress\/wp-content\/uploads\/2022\/05\/sochimef-celebracion-dia-mf-2022-07-370x278.jpg 370w, https:\/\/www.medicinafamiliar.cl\/mf\/wordpress\/wp-content\/uploads\/2022\/05\/sochimef-celebracion-dia-mf-2022-07-270x203.jpg 270w, https:\/\/www.medicinafamiliar.cl\/mf\/wordpress\/wp-content\/uploads\/2022\/05\/sochimef-celebracion-dia-mf-2022-07-570x428.jpg 570w, https:\/\/www.medicinafamiliar.cl\/mf\/wordpress\/wp-content\/uploads\/2022\/05\/sochimef-celebracion-dia-mf-2022-07-740x555.jpg 740w, https:\/\/www.medicinafamiliar.cl\/mf\/wordpress\/wp-content\/uploads\/2022\/05\/sochimef-celebracion-dia-mf-2022-07-80x60.jpg 80w\" sizes=\"auto, (max-width: 760px) 100vw, 760px\" \/><\/figure><\/li><li class=\"blocks-gallery-item\"><figure><img loading=\"lazy\" decoding=\"async\" width=\"760\" height=\"570\" src=\"https:\/\/www.medicinafamiliar.cl\/mf\/wordpress\/wp-content\/uploads\/2022\/05\/sochimef-celebracion-dia-mf-2022-08.jpg\" alt=\"\" data-id=\"3007\" data-link=\"https:\/\/www.medicinafamiliar.cl\/mf\/wordpress\/?attachment_id=3007\" class=\"wp-image-3007\" srcset=\"https:\/\/www.medicinafamiliar.cl\/mf\/wordpress\/wp-content\/uploads\/2022\/05\/sochimef-celebracion-dia-mf-2022-08.jpg 760w, https:\/\/www.medicinafamiliar.cl\/mf\/wordpress\/wp-content\/uploads\/2022\/05\/sochimef-celebracion-dia-mf-2022-08-300x225.jpg 300w, https:\/\/www.medicinafamiliar.cl\/mf\/wordpress\/wp-content\/uploads\/2022\/05\/sochimef-celebracion-dia-mf-2022-08-370x278.jpg 370w, https:\/\/www.medicinafamiliar.cl\/mf\/wordpress\/wp-content\/uploads\/2022\/05\/sochimef-celebracion-dia-mf-2022-08-270x203.jpg 270w, https:\/\/www.medicinafamiliar.cl\/mf\/wordpress\/wp-content\/uploads\/2022\/05\/sochimef-celebracion-dia-mf-2022-08-570x428.jpg 570w, https:\/\/www.medicinafamiliar.cl\/mf\/wordpress\/wp-content\/uploads\/2022\/05\/sochimef-celebracion-dia-mf-2022-08-740x555.jpg 740w, https:\/\/www.medicinafamiliar.cl\/mf\/wordpress\/wp-content\/uploads\/2022\/05\/sochimef-celebracion-dia-mf-2022-08-80x60.jpg 80w\" sizes=\"auto, (max-width: 760px) 100vw, 760px\" \/><\/figure><\/li><li class=\"blocks-gallery-item\"><figure><img loading=\"lazy\" decoding=\"async\" width=\"760\" height=\"570\" src=\"https:\/\/www.medicinafamiliar.cl\/mf\/wordpress\/wp-content\/uploads\/2022\/05\/sochimef-celebracion-dia-mf-2022-09.jpg\" alt=\"\" data-id=\"3009\" data-link=\"https:\/\/www.medicinafamiliar.cl\/mf\/wordpress\/?attachment_id=3009\" class=\"wp-image-3009\" srcset=\"https:\/\/www.medicinafamiliar.cl\/mf\/wordpress\/wp-content\/uploads\/2022\/05\/sochimef-celebracion-dia-mf-2022-09.jpg 760w, https:\/\/www.medicinafamiliar.cl\/mf\/wordpress\/wp-content\/uploads\/2022\/05\/sochimef-celebracion-dia-mf-2022-09-300x225.jpg 300w, https:\/\/www.medicinafamiliar.cl\/mf\/wordpress\/wp-content\/uploads\/2022\/05\/sochimef-celebracion-dia-mf-2022-09-370x278.jpg 370w, https:\/\/www.medicinafamiliar.cl\/mf\/wordpress\/wp-content\/uploads\/2022\/05\/sochimef-celebracion-dia-mf-2022-09-270x203.jpg 270w, https:\/\/www.medicinafamiliar.cl\/mf\/wordpress\/wp-content\/uploads\/2022\/05\/sochimef-celebracion-dia-mf-2022-09-570x428.jpg 570w, https:\/\/www.medicinafamiliar.cl\/mf\/wordpress\/wp-content\/uploads\/2022\/05\/sochimef-celebracion-dia-mf-2022-09-740x555.jpg 740w, https:\/\/www.medicinafamiliar.cl\/mf\/wordpress\/wp-content\/uploads\/2022\/05\/sochimef-celebracion-dia-mf-2022-09-80x60.jpg 80w\" sizes=\"auto, (max-width: 760px) 100vw, 760px\" \/><\/figure><\/li><li class=\"blocks-gallery-item\"><figure><img loading=\"lazy\" decoding=\"async\" width=\"760\" height=\"570\" src=\"https:\/\/www.medicinafamiliar.cl\/mf\/wordpress\/wp-content\/uploads\/2022\/05\/sochimef-celebracion-dia-mf-2022-11.jpg\" alt=\"\" data-id=\"3011\" data-link=\"https:\/\/www.medicinafamiliar.cl\/mf\/wordpress\/?attachment_id=3011\" class=\"wp-image-3011\" srcset=\"https:\/\/www.medicinafamiliar.cl\/mf\/wordpress\/wp-content\/uploads\/2022\/05\/sochimef-celebracion-dia-mf-2022-11.jpg 760w, https:\/\/www.medicinafamiliar.cl\/mf\/wordpress\/wp-content\/uploads\/2022\/05\/sochimef-celebracion-dia-mf-2022-11-300x225.jpg 300w, https:\/\/www.medicinafamiliar.cl\/mf\/wordpress\/wp-content\/uploads\/2022\/05\/sochimef-celebracion-dia-mf-2022-11-370x278.jpg 370w, https:\/\/www.medicinafamiliar.cl\/mf\/wordpress\/wp-content\/uploads\/2022\/05\/sochimef-celebracion-dia-mf-2022-11-270x203.jpg 270w, https:\/\/www.medicinafamiliar.cl\/mf\/wordpress\/wp-content\/uploads\/2022\/05\/sochimef-celebracion-dia-mf-2022-11-570x428.jpg 570w, https:\/\/www.medicinafamiliar.cl\/mf\/wordpress\/wp-content\/uploads\/2022\/05\/sochimef-celebracion-dia-mf-2022-11-740x555.jpg 740w, https:\/\/www.medicinafamiliar.cl\/mf\/wordpress\/wp-content\/uploads\/2022\/05\/sochimef-celebracion-dia-mf-2022-11-80x60.jpg 80w\" sizes=\"auto, (max-width: 760px) 100vw, 760px\" \/><\/figure><\/li><li class=\"blocks-gallery-item\"><figure><img loading=\"lazy\" decoding=\"async\" width=\"760\" height=\"570\" src=\"https:\/\/www.medicinafamiliar.cl\/mf\/wordpress\/wp-content\/uploads\/2022\/05\/sochimef-celebracion-dia-mf-2022-12.jpg\" alt=\"\" data-id=\"3012\" data-link=\"https:\/\/www.medicinafamiliar.cl\/mf\/wordpress\/?attachment_id=3012\" class=\"wp-image-3012\" srcset=\"https:\/\/www.medicinafamiliar.cl\/mf\/wordpress\/wp-content\/uploads\/2022\/05\/sochimef-celebracion-dia-mf-2022-12.jpg 760w, https:\/\/www.medicinafamiliar.cl\/mf\/wordpress\/wp-content\/uploads\/2022\/05\/sochimef-celebracion-dia-mf-2022-12-300x225.jpg 300w, https:\/\/www.medicinafamiliar.cl\/mf\/wordpress\/wp-content\/uploads\/2022\/05\/sochimef-celebracion-dia-mf-2022-12-370x278.jpg 370w, https:\/\/www.medicinafamiliar.cl\/mf\/wordpress\/wp-content\/uploads\/2022\/05\/sochimef-celebracion-dia-mf-2022-12-270x203.jpg 270w, https:\/\/www.medicinafamiliar.cl\/mf\/wordpress\/wp-content\/uploads\/2022\/05\/sochimef-celebracion-dia-mf-2022-12-570x428.jpg 570w, https:\/\/www.medicinafamiliar.cl\/mf\/wordpress\/wp-content\/uploads\/2022\/05\/sochimef-celebracion-dia-mf-2022-12-740x555.jpg 740w, https:\/\/www.medicinafamiliar.cl\/mf\/wordpress\/wp-content\/uploads\/2022\/05\/sochimef-celebracion-dia-mf-2022-12-80x60.jpg 80w\" sizes=\"auto, (max-width: 760px) 100vw, 760px\" \/><\/figure><\/li><li class=\"blocks-gallery-item\"><figure><img loading=\"lazy\" decoding=\"async\" width=\"760\" height=\"570\" src=\"https:\/\/www.medicinafamiliar.cl\/mf\/wordpress\/wp-content\/uploads\/2022\/05\/sochimef-celebracion-dia-mf-2022-10.jpg\" alt=\"\" data-id=\"3010\" data-link=\"https:\/\/www.medicinafamiliar.cl\/mf\/wordpress\/?attachment_id=3010\" class=\"wp-image-3010\" srcset=\"https:\/\/www.medicinafamiliar.cl\/mf\/wordpress\/wp-content\/uploads\/2022\/05\/sochimef-celebracion-dia-mf-2022-10.jpg 760w, https:\/\/www.medicinafamiliar.cl\/mf\/wordpress\/wp-content\/uploads\/2022\/05\/sochimef-celebracion-dia-mf-2022-10-300x225.jpg 300w, https:\/\/www.medicinafamiliar.cl\/mf\/wordpress\/wp-content\/uploads\/2022\/05\/sochimef-celebracion-dia-mf-2022-10-370x278.jpg 370w, https:\/\/www.medicinafamiliar.cl\/mf\/wordpress\/wp-content\/uploads\/2022\/05\/sochimef-celebracion-dia-mf-2022-10-270x203.jpg 270w, https:\/\/www.medicinafamiliar.cl\/mf\/wordpress\/wp-content\/uploads\/2022\/05\/sochimef-celebracion-dia-mf-2022-10-570x428.jpg 570w, https:\/\/www.medicinafamiliar.cl\/mf\/wordpress\/wp-content\/uploads\/2022\/05\/sochimef-celebracion-dia-mf-2022-10-740x555.jpg 740w, https:\/\/www.medicinafamiliar.cl\/mf\/wordpress\/wp-content\/uploads\/2022\/05\/sochimef-celebracion-dia-mf-2022-10-80x60.jpg 80w\" sizes=\"auto, (max-width: 760px) 100vw, 760px\" \/><\/figure><\/li><li class=\"blocks-gallery-item\"><figure><img loading=\"lazy\" decoding=\"async\" width=\"760\" height=\"570\" src=\"https:\/\/www.medicinafamiliar.cl\/mf\/wordpress\/wp-content\/uploads\/2022\/05\/sochimef-celebracion-dia-mf-2022-14.jpg\" alt=\"\" data-id=\"3017\" data-full-url=\"https:\/\/www.medicinafamiliar.cl\/mf\/wordpress\/wp-content\/uploads\/2022\/05\/sochimef-celebracion-dia-mf-2022-14.jpg\" data-link=\"https:\/\/www.medicinafamiliar.cl\/mf\/wordpress\/2022\/05\/23\/sochimef-celebra-dia-del-medico-y-medicas-de-familia-2022\/sochimef-celebracion-dia-mf-2022-14\/\" class=\"wp-image-3017\" srcset=\"https:\/\/www.medicinafamiliar.cl\/mf\/wordpress\/wp-content\/uploads\/2022\/05\/sochimef-celebracion-dia-mf-2022-14.jpg 760w, https:\/\/www.medicinafamiliar.cl\/mf\/wordpress\/wp-content\/uploads\/2022\/05\/sochimef-celebracion-dia-mf-2022-14-300x225.jpg 300w, https:\/\/www.medicinafamiliar.cl\/mf\/wordpress\/wp-content\/uploads\/2022\/05\/sochimef-celebracion-dia-mf-2022-14-370x278.jpg 370w, https:\/\/www.medicinafamiliar.cl\/mf\/wordpress\/wp-content\/uploads\/2022\/05\/sochimef-celebracion-dia-mf-2022-14-270x203.jpg 270w, https:\/\/www.medicinafamiliar.cl\/mf\/wordpress\/wp-content\/uploads\/2022\/05\/sochimef-celebracion-dia-mf-2022-14-570x428.jpg 570w, https:\/\/www.medicinafamiliar.cl\/mf\/wordpress\/wp-content\/uploads\/2022\/05\/sochimef-celebracion-dia-mf-2022-14-740x555.jpg 740w, https:\/\/www.medicinafamiliar.cl\/mf\/wordpress\/wp-content\/uploads\/2022\/05\/sochimef-celebracion-dia-mf-2022-14-80x60.jpg 80w\" sizes=\"auto, (max-width: 760px) 100vw, 760px\" \/><\/figure><\/li><li class=\"blocks-gallery-item\"><figure><img loading=\"lazy\" decoding=\"async\" width=\"760\" height=\"570\" src=\"https:\/\/www.medicinafamiliar.cl\/mf\/wordpress\/wp-content\/uploads\/2022\/05\/sochimef-celebracion-dia-mf-2022-13.jpg\" alt=\"\" data-id=\"3013\" data-link=\"https:\/\/www.medicinafamiliar.cl\/mf\/wordpress\/?attachment_id=3013\" class=\"wp-image-3013\" srcset=\"https:\/\/www.medicinafamiliar.cl\/mf\/wordpress\/wp-content\/uploads\/2022\/05\/sochimef-celebracion-dia-mf-2022-13.jpg 760w, https:\/\/www.medicinafamiliar.cl\/mf\/wordpress\/wp-content\/uploads\/2022\/05\/sochimef-celebracion-dia-mf-2022-13-300x225.jpg 300w, https:\/\/www.medicinafamiliar.cl\/mf\/wordpress\/wp-content\/uploads\/2022\/05\/sochimef-celebracion-dia-mf-2022-13-370x278.jpg 370w, https:\/\/www.medicinafamiliar.cl\/mf\/wordpress\/wp-content\/uploads\/2022\/05\/sochimef-celebracion-dia-mf-2022-13-270x203.jpg 270w, https:\/\/www.medicinafamiliar.cl\/mf\/wordpress\/wp-content\/uploads\/2022\/05\/sochimef-celebracion-dia-mf-2022-13-570x428.jpg 570w, https:\/\/www.medicinafamiliar.cl\/mf\/wordpress\/wp-content\/uploads\/2022\/05\/sochimef-celebracion-dia-mf-2022-13-740x555.jpg 740w, https:\/\/www.medicinafamiliar.cl\/mf\/wordpress\/wp-content\/uploads\/2022\/05\/sochimef-celebracion-dia-mf-2022-13-80x60.jpg 80w\" sizes=\"auto, (max-width: 760px) 100vw, 760px\" \/><\/figure><\/li><\/ul><\/figure>\n","protected":false},"excerpt":{"rendered":"<p>19 mayo 2022<\/p>\n","protected":false},"author":1,"featured_media":2997,"comment_status":"closed","ping_status":"closed","sticky":false,"template":"","format":"standard","meta":{"footnotes":""},"categories":[2,3],"tags":[343,718,25,18,24],"class_list":["post-2996","post","type-post","status-publish","format-standard","has-post-thumbnail","hentry","category-noticias","category-portada","tag-celebracion-dia-mundial-medico-familiar","tag-dia-del-medico-familiar","tag-medicina-familiar","tag-mf","tag-sochimef"],"_links":{"self":[{"href":"https:\/\/www.medicinafamiliar.cl\/mf\/wordpress\/wp-json\/wp\/v2\/posts\/2996","targetHints":{"allow":["GET"]}}],"collection":[{"href":"https:\/\/www.medicinafamiliar.cl\/mf\/wordpress\/wp-json\/wp\/v2\/posts"}],"about":[{"href":"https:\/\/www.medicinafamiliar.cl\/mf\/wordpress\/wp-json\/wp\/v2\/types\/post"}],"author":[{"embeddable":true,"href":"https:\/\/www.medicinafamiliar.cl\/mf\/wordpress\/wp-json\/wp\/v2\/users\/1"}],"replies":[{"embeddable":true,"href":"https:\/\/www.medicinafamiliar.cl\/mf\/wordpress\/wp-json\/wp\/v2\/comments?post=2996"}],"version-history":[{"count":4,"href":"https:\/\/www.medicinafamiliar.cl\/mf\/wordpress\/wp-json\/wp\/v2\/posts\/2996\/revisions"}],"predecessor-version":[{"id":3018,"href":"https:\/\/www.medicinafamiliar.cl\/mf\/wordpress\/wp-json\/wp\/v2\/posts\/2996\/revisions\/3018"}],"wp:featuredmedia":[{"embeddable":true,"href":"https:\/\/www.medicinafamiliar.cl\/mf\/wordpress\/wp-json\/wp\/v2\/media\/2997"}],"wp:attachment":[{"href":"https:\/\/www.medicinafamiliar.cl\/mf\/wordpress\/wp-json\/wp\/v2\/media?parent=2996"}],"wp:term":[{"taxonomy":"category","embeddable":true,"href":"https:\/\/www.medicinafamiliar.cl\/mf\/wordpress\/wp-json\/wp\/v2\/categories?post=2996"},{"taxonomy":"post_tag","embeddable":true,"href":"https:\/\/www.medicinafamiliar.cl\/mf\/wordpress\/wp-json\/wp\/v2\/tags?post=2996"}],"curies":[{"name":"wp","href":"https:\/\/api.w.org\/{rel}","templated":true}]}}