{"id":2943,"date":"2022-04-29T19:10:10","date_gmt":"2022-04-29T22:10:10","guid":{"rendered":"http:\/\/www.medicinafamiliar.cl\/mf\/wordpress\/?p=2943"},"modified":"2022-04-29T20:04:31","modified_gmt":"2022-04-29T23:04:31","slug":"directorio-sochimef-2020-2022-gran-trabajo-gran-equipo","status":"publish","type":"post","link":"https:\/\/www.medicinafamiliar.cl\/mf\/wordpress\/2022\/04\/29\/directorio-sochimef-2020-2022-gran-trabajo-gran-equipo\/","title":{"rendered":"Directorio SOCHIMEF 2020-2021:  \u00a1GRAN TRABAJO, GRAN EQUIPO!"},"content":{"rendered":"<p style=\"text-align: justify;\">Queridos Socios, hemos realizado nuestra \u00faltima reuni\u00f3n de Directorio actual, per\u00edodo 2020-2021. Queremos agradecer a cada uno de ustedes el apoyo y colaboraci\u00f3n constante desde vuestro compromiso con el crecimiento de nuestra Sociedad Chilena de Medicina Familiar.<\/p>\n<p style=\"text-align: justify;\">El pr\u00f3ximo <strong>21 de mayo 2022 celebramos nuestra Asamblea de Socios SOCHIMEF donde elegiremos a nuestra Nueva Directiva 2022-2023, <\/strong>quienes nos representar\u00e1n con el mismo esp\u00edritu que nos caracteriza como Sociedad.<\/p>\n<p style=\"text-align: justify;\">En este mes de mayo que conmemoramos el D\u00eda del M\u00e9dico y M\u00e9dica de Familia, reforzamos el desaf\u00edo de una atenci\u00f3n integral en salud que mejore la calidad de vida de nuestra comunidad. No te quedes fuera, esperamos vuestras ideas para avanzar en Medicina Familiar.<\/p>\n<p style=\"text-align: justify;\">Muchas gracias por la confianza y contribuci\u00f3n. Ha sido un orgullo haber formado parte de este desaf\u00edo, donde seguimos realizando labores y actividades por la Sociedad. Esta a\u00fan no es nuestra despedida, sino una invitaci\u00f3n a seguir participando activamente.<\/p>\n<p style=\"text-align: justify;\"><strong>Directorio SOCHIMEF<\/strong><\/p>\n<p style=\"text-align: justify;\">Presidenta<br \/>\n<strong>Dra. Carolina Gonz\u00e1lez<\/strong><\/p>\n<p style=\"text-align: justify;\">Vicepresidenta<br \/>\n<strong>Dra. Andrea Didier Castillo<\/strong><\/p>\n<p style=\"text-align: justify;\">Secretario<br \/>\n<strong>Dr. Iv\u00e1n Niesel Barrientos<\/strong><\/p>\n<p style=\"text-align: justify;\">Tesorera<br \/>\n<strong>Dra. Ver\u00f3nica Olate<\/strong><\/p>\n<p style=\"text-align: justify;\">Directoras:<br \/>\n<strong>Dra. Macarena Moral L\u00f3pez<br \/>\n<\/strong><strong>Dra. Lilian Fern\u00e1ndez<br \/>\n<\/strong><strong>Dra. Gladys Caro<\/strong><\/p>\n","protected":false},"excerpt":{"rendered":"<p>.<\/p>\n","protected":false},"author":1,"featured_media":2947,"comment_status":"closed","ping_status":"closed","sticky":false,"template":"","format":"standard","meta":{"footnotes":""},"categories":[2,3],"tags":[368,701,703,24,702],"class_list":["post-2943","post","type-post","status-publish","format-standard","has-post-thumbnail","hentry","category-noticias","category-portada","tag-asamblea-ordinaria-anual","tag-directorio-2020-2021","tag-directorio-sochimef","tag-sochimef","tag-ultima-reunion"],"_links":{"self":[{"href":"https:\/\/www.medicinafamiliar.cl\/mf\/wordpress\/wp-json\/wp\/v2\/posts\/2943","targetHints":{"allow":["GET"]}}],"collection":[{"href":"https:\/\/www.medicinafamiliar.cl\/mf\/wordpress\/wp-json\/wp\/v2\/posts"}],"about":[{"href":"https:\/\/www.medicinafamiliar.cl\/mf\/wordpress\/wp-json\/wp\/v2\/types\/post"}],"author":[{"embeddable":true,"href":"https:\/\/www.medicinafamiliar.cl\/mf\/wordpress\/wp-json\/wp\/v2\/users\/1"}],"replies":[{"embeddable":true,"href":"https:\/\/www.medicinafamiliar.cl\/mf\/wordpress\/wp-json\/wp\/v2\/comments?post=2943"}],"version-history":[{"count":3,"href":"https:\/\/www.medicinafamiliar.cl\/mf\/wordpress\/wp-json\/wp\/v2\/posts\/2943\/revisions"}],"predecessor-version":[{"id":2948,"href":"https:\/\/www.medicinafamiliar.cl\/mf\/wordpress\/wp-json\/wp\/v2\/posts\/2943\/revisions\/2948"}],"wp:featuredmedia":[{"embeddable":true,"href":"https:\/\/www.medicinafamiliar.cl\/mf\/wordpress\/wp-json\/wp\/v2\/media\/2947"}],"wp:attachment":[{"href":"https:\/\/www.medicinafamiliar.cl\/mf\/wordpress\/wp-json\/wp\/v2\/media?parent=2943"}],"wp:term":[{"taxonomy":"category","embeddable":true,"href":"https:\/\/www.medicinafamiliar.cl\/mf\/wordpress\/wp-json\/wp\/v2\/categories?post=2943"},{"taxonomy":"post_tag","embeddable":true,"href":"https:\/\/www.medicinafamiliar.cl\/mf\/wordpress\/wp-json\/wp\/v2\/tags?post=2943"}],"curies":[{"name":"wp","href":"https:\/\/api.w.org\/{rel}","templated":true}]}}