{"id":2388,"date":"2021-10-19T17:47:49","date_gmt":"2021-10-19T20:47:49","guid":{"rendered":"http:\/\/www.medicinafamiliar.cl\/mf\/wordpress\/?p=2388"},"modified":"2021-10-19T17:48:14","modified_gmt":"2021-10-19T20:48:14","slug":"carta-al-director-de-sochimef-respecto-decision-del-minsal-de-restar-a-aps-de-financiamiento-para-tta","status":"publish","type":"post","link":"https:\/\/www.medicinafamiliar.cl\/mf\/wordpress\/2021\/10\/19\/carta-al-director-de-sochimef-respecto-decision-del-minsal-de-restar-a-aps-de-financiamiento-para-tta\/","title":{"rendered":"Carta al Director de SoChiMef respecto decisi\u00f3n del Minsal de restar a APS de financiamiento para TTA"},"content":{"rendered":"<p style=\"text-align: justify;\">El d\u00eda 19 de octubre se ha publicado en la prensa una Carta al Director de SoChiMef respecto decisi\u00f3n del Minsal de restar a APS de financiamiento para TTA.&nbsp;<\/p>\n<p style=\"text-align: justify;\">La carta fue publicada por La Tercera y El Mostrador bajo el t\u00edtulo<strong> &#8220;Incoherente medida del MINSAL&#8221;<\/strong> firmada por nuestra Presidenta Dra. Carolina Gonz\u00e1lez.<\/p>\n<p>A continuaci\u00f3n la carta completa:<\/p>\n<p style=\"text-align: justify;\"><strong>Se\u00f1or Director:<\/strong><\/p>\n<p style=\"text-align: justify;\">Como Sociedad Cient\u00edfica de Medicina Familiar y General de Chile hemos advertido, mediante carta enviada al Ministro de Salud, Dr. Enrique Paris, lo inconveniente y perjudicial de la medida adoptada respecto poner fin a los fondos destinados a Testeo, Trazabilidad y Aislamiento (TTA) en la Atenci\u00f3n Primaria.<\/p>\n<p style=\"text-align: justify;\">La \u00fanica forma de retomar las atenciones postergadas es controlando la epidemia con TTA realizada por la APS. Esa es la raz\u00f3n por la que insistimos en la incoherencia del argumento esgrimido por la autoridad sanitaria que se solventa en que este cambio en la estrategia de las acciones de TTA en la Atenci\u00f3n Primaria, obedece a que se deben retomar las atenciones desplazadas producto de la epidemia y enfocarse en la estrategia de vacunaci\u00f3n.<\/p>\n<p style=\"text-align: justify;\">Como Sociedad Chilena de Medicina Familiar consideramos que se deben realizar todas las acciones necesarias para controlar la epidemia y adem\u00e1s retomar las atenciones desplazadas. Esta medida nos entrega un presupuesto acotado y nos da a elegir entre realizar acciones de trazabilidad o retomar las acciones desplazadas o de vacunaci\u00f3n.<\/p>\n<p style=\"text-align: justify;\">Lamentamos que, a pesar de los consejos de expertos de sociedades cient\u00edficas, epidemi\u00f3logos\/as y salubristas del pa\u00eds, una vez m\u00e1s se hipoteque la posibilidad de controlar la transmisi\u00f3n de los casos desde el territorio. Sabemos qui\u00e9nes pagar\u00e1n los platos rotos en un pa\u00eds social y econ\u00f3micamente tan desigual como Chile.<\/p>\n<div class=\"publicidadNotas\" style=\"text-align: justify;\">\n<div id=\"div-gpt-ad-1548266057802-0\">&nbsp;<\/div>\n<\/div>\n<p style=\"text-align: justify;\">La gesti\u00f3n local de la APS, el enfoque en los determinantes sociales de la salud y la territorialidad son herramientas claves para cualquier intervenci\u00f3n sanitaria de alcance universal que se pretenda instalar en Chile, por lo que insistimos en que el TTA debe ser realizado y coordinado desde la APS.<\/p>\n<p style=\"text-align: right;\"><em><strong>Carolina Gonz\u00e1lez<\/strong><\/em><br \/>\n<em><strong>Presidenta<\/strong><\/em><br \/>\n<em><strong>Sociedad chilena de medicina familiar<\/strong><\/em><\/p>\n<p>A continuaci\u00f3n dejamos los enlaces de las publicaciones de Prensa:<\/p>\n<p><strong>La Tercera:<\/strong> <a href=\"https:\/\/www.latercera.com\/opinion\/noticia\/incoherente-medida-del-minsal\/PDERQBQ63VHWBCE6MHV4OWIFFE\/\" target=\"_blank\" rel=\"noopener noreferrer\">https:\/\/www.latercera.com\/opinion\/noticia\/incoherente-medida-del-minsal\/PDERQBQ63VHWBCE6MHV4OWIFFE\/<\/a>&nbsp;<\/p>\n<p><strong>El Mostrador:&nbsp;<\/strong><a href=\"https:\/\/www.elmostrador.cl\/noticias\/opinion\/2021\/10\/19\/incoherente-medida-del-minsal\/\" target=\"_blank\" rel=\"noopener noreferrer\">https:\/\/www.elmostrador.cl\/noticias\/opinion\/2021\/10\/19\/incoherente-medida-del-minsal\/<\/a><\/p>\n","protected":false},"excerpt":{"rendered":"<p>.<\/p>\n","protected":false},"author":1,"featured_media":2390,"comment_status":"closed","ping_status":"closed","sticky":false,"template":"","format":"standard","meta":{"footnotes":""},"categories":[2,3],"tags":[14,284,438,155,567,569,557,139],"class_list":["post-2388","post","type-post","status-publish","format-standard","has-post-thumbnail","hentry","category-noticias","category-portada","tag-aps","tag-carta-al-director","tag-el-mostrador","tag-estrategia-tta","tag-financiamiento-tta","tag-la-tercera-2","tag-termino-financiamiento-tta-2","tag-tta"],"_links":{"self":[{"href":"https:\/\/www.medicinafamiliar.cl\/mf\/wordpress\/wp-json\/wp\/v2\/posts\/2388","targetHints":{"allow":["GET"]}}],"collection":[{"href":"https:\/\/www.medicinafamiliar.cl\/mf\/wordpress\/wp-json\/wp\/v2\/posts"}],"about":[{"href":"https:\/\/www.medicinafamiliar.cl\/mf\/wordpress\/wp-json\/wp\/v2\/types\/post"}],"author":[{"embeddable":true,"href":"https:\/\/www.medicinafamiliar.cl\/mf\/wordpress\/wp-json\/wp\/v2\/users\/1"}],"replies":[{"embeddable":true,"href":"https:\/\/www.medicinafamiliar.cl\/mf\/wordpress\/wp-json\/wp\/v2\/comments?post=2388"}],"version-history":[{"count":2,"href":"https:\/\/www.medicinafamiliar.cl\/mf\/wordpress\/wp-json\/wp\/v2\/posts\/2388\/revisions"}],"predecessor-version":[{"id":2391,"href":"https:\/\/www.medicinafamiliar.cl\/mf\/wordpress\/wp-json\/wp\/v2\/posts\/2388\/revisions\/2391"}],"wp:featuredmedia":[{"embeddable":true,"href":"https:\/\/www.medicinafamiliar.cl\/mf\/wordpress\/wp-json\/wp\/v2\/media\/2390"}],"wp:attachment":[{"href":"https:\/\/www.medicinafamiliar.cl\/mf\/wordpress\/wp-json\/wp\/v2\/media?parent=2388"}],"wp:term":[{"taxonomy":"category","embeddable":true,"href":"https:\/\/www.medicinafamiliar.cl\/mf\/wordpress\/wp-json\/wp\/v2\/categories?post=2388"},{"taxonomy":"post_tag","embeddable":true,"href":"https:\/\/www.medicinafamiliar.cl\/mf\/wordpress\/wp-json\/wp\/v2\/tags?post=2388"}],"curies":[{"name":"wp","href":"https:\/\/api.w.org\/{rel}","templated":true}]}}