{"id":216,"date":"2019-11-12T04:35:24","date_gmt":"2019-11-12T07:35:24","guid":{"rendered":"http:\/\/www.medicinafamiliar.cl\/mf\/wordpress\/?p=216"},"modified":"2020-02-20T04:44:56","modified_gmt":"2020-02-20T07:44:56","slug":"comunicado-de-wonca-iberoamericana-cimf-en-relacion-a-la-situacion-de-ecuador-chile-y-bolivia","status":"publish","type":"post","link":"https:\/\/www.medicinafamiliar.cl\/mf\/wordpress\/2019\/11\/12\/comunicado-de-wonca-iberoamericana-cimf-en-relacion-a-la-situacion-de-ecuador-chile-y-bolivia\/","title":{"rendered":"Comunicado de WONCA Iberoamericana CIMF, en relaci\u00f3n a la situaci\u00f3n de Ecuador, Chile y Bolivia"},"content":{"rendered":"\n<figure class=\"wp-block-image\"><img loading=\"lazy\" decoding=\"async\" width=\"760\" height=\"570\" src=\"http:\/\/www.medicinafamiliar.cl\/mf\/wordpress\/wp-content\/uploads\/2020\/02\/sochimef-comunicado-wonca-cimf-situacion-latinoamerica.jpg\" alt=\"\" class=\"wp-image-217\" srcset=\"https:\/\/www.medicinafamiliar.cl\/mf\/wordpress\/wp-content\/uploads\/2020\/02\/sochimef-comunicado-wonca-cimf-situacion-latinoamerica.jpg 760w, https:\/\/www.medicinafamiliar.cl\/mf\/wordpress\/wp-content\/uploads\/2020\/02\/sochimef-comunicado-wonca-cimf-situacion-latinoamerica-300x225.jpg 300w, https:\/\/www.medicinafamiliar.cl\/mf\/wordpress\/wp-content\/uploads\/2020\/02\/sochimef-comunicado-wonca-cimf-situacion-latinoamerica-370x278.jpg 370w, https:\/\/www.medicinafamiliar.cl\/mf\/wordpress\/wp-content\/uploads\/2020\/02\/sochimef-comunicado-wonca-cimf-situacion-latinoamerica-270x203.jpg 270w, https:\/\/www.medicinafamiliar.cl\/mf\/wordpress\/wp-content\/uploads\/2020\/02\/sochimef-comunicado-wonca-cimf-situacion-latinoamerica-570x428.jpg 570w, https:\/\/www.medicinafamiliar.cl\/mf\/wordpress\/wp-content\/uploads\/2020\/02\/sochimef-comunicado-wonca-cimf-situacion-latinoamerica-740x555.jpg 740w, https:\/\/www.medicinafamiliar.cl\/mf\/wordpress\/wp-content\/uploads\/2020\/02\/sochimef-comunicado-wonca-cimf-situacion-latinoamerica-80x60.jpg 80w\" sizes=\"auto, (max-width: 760px) 100vw, 760px\" \/><\/figure>\n\n\n<p><span class=\"css-901oao css-16my406 r-1qd0xha r-ad9z0x r-bcqeeo r-qvutc0\">Manifiesto de la\u00a0<b>WONCA Iberoamericana CIMF<\/b>\u00a0<\/span><span class=\"css-901oao css-16my406 r-1qd0xha r-ad9z0x r-bcqeeo r-qvutc0\">respecto a la situaci\u00f3n de violencia derivada de conflictos pol\u00edticos y movilizaciones sociales en\u00a0<\/span><span class=\"r-18u37iz\">Bolivia,<\/span>\u00a0<span class=\"r-18u37iz\">Chile<\/span><span class=\"css-901oao css-16my406 r-1qd0xha r-ad9z0x r-bcqeeo r-qvutc0\">\u00a0y\u00a0<\/span><span class=\"r-18u37iz\">Ecuador<\/span><span class=\"css-901oao css-16my406 r-1qd0xha r-ad9z0x r-bcqeeo r-qvutc0\">\u00a0acontecidos en<b>\u00a0el mes de octubre y en la actualidad<\/b>.<\/span><\/p>\n<p>A continuaci\u00f3n el comunicado:<\/p>\n<p>La<b>\u00a0Confederaci\u00f3n Iberoamericana de Medicina Familiar (CIMF)<\/b>,\u00a0<b>Regi\u00f3n de la Organizaci\u00f3n Mundial de Asociaciones y Colegios de Medicina Familiar (WONCA)<\/b>, es<b>\u00a0una organizaci\u00f3n comprometida<\/b>\u00a0con la b\u00fasqueda y la construcci\u00f3n de la salud en la<b>\u00a0Am\u00e9rica del Sur<\/b>,\u00a0<b>Mesoam\u00e9rica<\/b>\u00a0e\u00a0<b>Iberia<\/b>, y m\u00e1s all\u00e1 de nuestros pa\u00edses, en el mundo todo.<\/p>\n<p>Tanto\u00a0<b>los avances cient\u00edficos como los procesos socio-hist\u00f3ricos<\/b>\u00a0nos han permitido\u00a0<b>comprender fehacientemente que la paz<\/b>, la\u00a0<b>libertad<\/b>\u00a0y la\u00a0<b>equidad<\/b>\u00a0son componentes\u00a0<b>ineludibles de la salud<\/b>.<\/p>\n<p>Nuestra regi\u00f3n goza de\u00a0<b>una riqueza natural<\/b>,\u00a0<b>humana y cultural extraordinaria<\/b>. Al mismo tiempo se mantiene como\u00a0<b>una regi\u00f3n extremadamente inequitativa y violenta<\/b>, con altas tasas de mortalidad por homicidios de distintos tipos, entre ellos los\u00a0<b>feminicidios<\/b>\u00a0y las muertes relacionadas a\u00a0<b>conflictos territoriales<\/b>\u00a0o\u00a0<b>violencia urbana donde el narcotr\u00e1fico<\/b> y la pobreza se entrelazan.<\/p>\n<p>En las<b>\u00a0\u00faltimas semanas<\/b>\u00a0se ha sumado en varios de\u00a0<b>nuestros pa\u00edses la violencia derivada de conflictos pol\u00edticos<\/b>\u00a0y movilizaciones sociales, con destacado protagonismo ind\u00edgena y popular y fuertes represiones dispuestas desde el nivel estatal. Durante\u00a0<b>el mes de octubre y los pocos d\u00edas transcurridos de noviembre los enfrentamientos han estado presentes<\/b>\u00a0casi a diario en las calles de varias ciudades de\u00a0<b>Ecuador<\/b>,\u00a0<b>Chile<\/b>\u00a0y\u00a0<b>Bolivia<\/b>\u00a0sucesivamente.<b>\u00a0La gravedad de los hechos se traduce en numerosas muertes, personas heridas y desaparecidas<\/b>.<\/p>\n<p>Lejana a la salud es esta situaci\u00f3n, que\u00a0<b>compromete no solo la integridad f\u00edsica<\/b>\u00a0sino\u00a0<b>otros derechos fundamentales como la libertad<\/b>\u00a0y la\u00a0<b>posibilidad de expresi\u00f3n<\/b>.<\/p>\n<p><b>CIMF<\/b>\u00a0desea expresar\u00a0<b>su m\u00e1xima solidaridad<\/b>\u00a0con los pueblos iberoamericanos que en estos d\u00edas sufren la violencia de las armas y la destrucci\u00f3n derivada de los enfrentamientos. Particularmente queremos hacer llegar\u00a0<b>un mensaje de aliento y respaldo a todas y todos los profesionales y residentes de medicina familiar\/familiar y comunitaria<\/b>\u00a0que en cada uno de los pa\u00edses asumen con entereza su labor en estas condiciones que<b>\u00a0les exige como profesionales<\/b>\u00a0y\u00a0<b>como ciudadanos\/as<\/b>, y donde sabemos que\u00a0<b>est\u00e1n dando lo mejor de s\u00ed<\/b>, a\u00fan cargados de dolor e indignaci\u00f3n.<\/p>\n<p>Finalmente, nos atrevemos a realizar\u00a0<b>un exhorto particularmente<\/b>\u00a0a quienes\u00a0<b>tienen responsabilidades de gobierno<\/b>, a cultivar el di\u00e1logo y la b\u00fasqueda incesante de los caminos de acuerdo que permitan avanzar en unidad, sin violencia, con\u00a0<b>participaci\u00f3n democr\u00e1tica<\/b>, evitando fracturas sociales. La<b>\u00a0diversidad es inherente a nuestra riqueza regional<\/b>. Diversas miradas y opiniones,\u00a0<b>diversas perspectivas pol\u00edticas no han de llevarnos a rupturas sino a construcciones m\u00e1s profundas<\/b>, para mayor equidad, mayor paz y mayor salud.<\/p>\n<p><b>\u00a1Salud para todxs!\u00a0<\/b><\/p>\n<p><b>\u00a1Paz, equidad, democracia y libertad en Am\u00e9rica Latina e Iberoam\u00e9rica!<\/b><\/p>\n<p>Es la voz que surge de nuestro pecho y queremos compartir,<\/p>\n<p><b>WONCA Iberoamericana CIMF, noviembre 9 de 2019<\/b><\/p>\n<p>Descargar el comunicado en PDF: <a href=\"http:\/\/www.medicinafamiliar.cl\/mf\/wp-content\/uploads\/2019\/11\/2019_comunicado-noviembre.pdf\" target=\"_blank\" rel=\"noopener noreferrer\"><strong>Comunicado WONCA CIMF<\/strong><\/a><\/p>","protected":false},"excerpt":{"rendered":"<p>Manifiesto de la\u00a0WONCA Iberoamericana CIMF\u00a0respecto a la situaci\u00f3n de violencia derivada de conflictos pol\u00edticos y movilizaciones sociales en\u00a0Bolivia,\u00a0Chile\u00a0y\u00a0Ecuador\u00a0acontecidos en\u00a0el mes de octubre y en la actualidad. A continuaci\u00f3n el comunicado: La\u00a0Confederaci\u00f3n Iberoamericana de Medicina Familiar (CIMF),\u00a0Regi\u00f3n de la Organizaci\u00f3n Mundial de Asociaciones y Colegios de Medicina Familiar (WONCA), es\u00a0una organizaci\u00f3n comprometida\u00a0con la b\u00fasqueda y la [&hellip;]<\/p>\n","protected":false},"author":1,"featured_media":21,"comment_status":"closed","ping_status":"closed","sticky":false,"template":"","format":"standard","meta":{"footnotes":""},"categories":[2],"tags":[9,8,11],"class_list":["post-216","post","type-post","status-publish","format-standard","has-post-thumbnail","hentry","category-noticias","tag-cimf","tag-wonca","tag-wonca-iberoamericana"],"_links":{"self":[{"href":"https:\/\/www.medicinafamiliar.cl\/mf\/wordpress\/wp-json\/wp\/v2\/posts\/216","targetHints":{"allow":["GET"]}}],"collection":[{"href":"https:\/\/www.medicinafamiliar.cl\/mf\/wordpress\/wp-json\/wp\/v2\/posts"}],"about":[{"href":"https:\/\/www.medicinafamiliar.cl\/mf\/wordpress\/wp-json\/wp\/v2\/types\/post"}],"author":[{"embeddable":true,"href":"https:\/\/www.medicinafamiliar.cl\/mf\/wordpress\/wp-json\/wp\/v2\/users\/1"}],"replies":[{"embeddable":true,"href":"https:\/\/www.medicinafamiliar.cl\/mf\/wordpress\/wp-json\/wp\/v2\/comments?post=216"}],"version-history":[{"count":1,"href":"https:\/\/www.medicinafamiliar.cl\/mf\/wordpress\/wp-json\/wp\/v2\/posts\/216\/revisions"}],"predecessor-version":[{"id":218,"href":"https:\/\/www.medicinafamiliar.cl\/mf\/wordpress\/wp-json\/wp\/v2\/posts\/216\/revisions\/218"}],"wp:featuredmedia":[{"embeddable":true,"href":"https:\/\/www.medicinafamiliar.cl\/mf\/wordpress\/wp-json\/wp\/v2\/media\/21"}],"wp:attachment":[{"href":"https:\/\/www.medicinafamiliar.cl\/mf\/wordpress\/wp-json\/wp\/v2\/media?parent=216"}],"wp:term":[{"taxonomy":"category","embeddable":true,"href":"https:\/\/www.medicinafamiliar.cl\/mf\/wordpress\/wp-json\/wp\/v2\/categories?post=216"},{"taxonomy":"post_tag","embeddable":true,"href":"https:\/\/www.medicinafamiliar.cl\/mf\/wordpress\/wp-json\/wp\/v2\/tags?post=216"}],"curies":[{"name":"wp","href":"https:\/\/api.w.org\/{rel}","templated":true}]}}