{"id":1707,"date":"2021-06-04T19:56:44","date_gmt":"2021-06-04T22:56:44","guid":{"rendered":"http:\/\/www.medicinafamiliar.cl\/mf\/wordpress\/?p=1707"},"modified":"2023-06-12T19:10:05","modified_gmt":"2023-06-12T23:10:05","slug":"curso-redaccion-de-articulos-cientificos-originales-en-el-area-de-la-salud","status":"publish","type":"post","link":"https:\/\/www.medicinafamiliar.cl\/mf\/wordpress\/2021\/06\/04\/curso-redaccion-de-articulos-cientificos-originales-en-el-area-de-la-salud\/","title":{"rendered":"Curso Redacci\u00f3n de Art\u00edculos cient\u00edficos originales en el \u00e1rea de la salud"},"content":{"rendered":"<p><strong><span style=\"color: #ff0000;\">INSCRIPCIONES CERRADAS<\/span><\/strong><\/p>\n<p><strong>\u00a0<\/strong><\/p>\n<p><strong>Dirigido a:\u00a0\u00a0<\/strong>M\u00e9dicos generales, M\u00e9dicos de Familia, Estudiantes de Medicina y Residentes.<\/p>\n<p><strong>Docentes facilitadores:<\/strong> Geovani L\u00f3pez Ortiz Editor en jefe revista Atenci\u00f3n Familiar\/Coordinador de investigaci\u00f3n Subdivisi\u00f3n de Medicina Familiar UNAM<\/p>\n<p><strong>Coordinadores:<\/strong> Diana C\u00e1ceres V\u00e1squez y Fernando Alexis C\u00e1ceres Herrera M\u00e9dicos de Familia\/Coeditores de la Revista Chilena de Medicina Familiar<\/p>\n<p><strong>Duraci\u00f3n del curso:\u00a0<\/strong>20 horas pedag\u00f3gicas.<\/p>\n<p><strong>Modalidad:\u00a0<\/strong>e-learning<\/p>\n<p><strong>Cupos disponibles:<\/strong> 30<\/p>\n<p><strong>Fechas y horarios:<\/strong> 6 al 27 Julio 2021. Sesiones sincr\u00f3nicas los martes de 18:00 a 20:00 hrs, sesiones asincr\u00f3nicas de mi\u00e9rcoles a viernes.<\/p>\n<p><strong>Contenidos: <\/strong><\/p>\n<ol>\n<li>Formato IMRyD y proceso de elaboraci\u00f3n de un manuscrito.<\/li>\n<li>Errores m\u00e1s comunes de redacci\u00f3n.<\/li>\n<li>Identificaci\u00f3n de revistas indexadas, proceso de env\u00edo de manuscritos y comunicaci\u00f3n con los editores.<\/li>\n<li>Proceso de revisi\u00f3n por pares.<\/li>\n<\/ol>\n<table>\n<tbody>\n<tr>\n<td width=\"318\"><strong>\u00a0<\/strong><\/td>\n<td width=\"318\"><strong>Valor<\/strong><\/td>\n<\/tr>\n<tr>\n<td width=\"318\"><strong>M\u00e9dicos socios SOCHIMEF<\/strong><\/td>\n<td width=\"318\">$40.000<\/td>\n<\/tr>\n<tr>\n<td width=\"318\"><strong>M\u00e9dicos no socios \u2013 otros profesionales<\/strong><\/td>\n<td width=\"318\">$65.000<\/td>\n<\/tr>\n<tr>\n<td width=\"318\"><strong>Estudiantes e internos de medicina<\/strong><\/td>\n<td width=\"318\">$25.000<\/td>\n<\/tr>\n<\/tbody>\n<\/table>\n<p><strong><a href=\"http:\/\/www.medicinafamiliar.cl\/mf\/wordpress\/wp-content\/uploads\/2021\/06\/redaccion-de-articulos-cient\u00edficos-originales-en-el-area-de-la-salud-SOCHIMEF.pdf\" target=\"_blank\" rel=\"noopener noreferrer\">Ver programa Curso Redacci\u00f3n en PDF<\/a><a id=\"9fec4c8d-cc8a-45eb-ac1b-4f93a3ba2535\" title=\"View this pdf file\" href=\"https:\/\/docs.google.com\/viewer?url=http%3A%2F%2Fwww.medicinafamiliar.cl%2Fmf%2Fwordpress%2Fwp-content%2Fuploads%2F2021%2F06%2Fredaccion-de-articulos-cient%25C3%25ADficos-originales-en-el-area-de-la-salud-SOCHIMEF.pdf&amp;embedded=true&amp;chrome=false&amp;dov=1\"><img decoding=\"async\" style=\"margin-left: 3px; width: 16px; height: 16px;\" src=\"chrome-extension:\/\/gmpljdlgcdkljlppaekciacdmdlhfeon\/images\/beside-link-icon.svg\" \/><\/a><\/strong><\/p>\n\n<div class=\"wp-block-image\">\n<figure class=\"aligncenter size-large\"><img loading=\"lazy\" decoding=\"async\" width=\"544\" height=\"1024\" src=\"http:\/\/www.medicinafamiliar.cl\/mf\/wordpress\/wp-content\/uploads\/2021\/06\/Curso-Edicion-Art-Cientificos-OK-544x1024.jpg\" alt=\"\" class=\"wp-image-1713\" srcset=\"https:\/\/www.medicinafamiliar.cl\/mf\/wordpress\/wp-content\/uploads\/2021\/06\/Curso-Edicion-Art-Cientificos-OK-544x1024.jpg 544w, https:\/\/www.medicinafamiliar.cl\/mf\/wordpress\/wp-content\/uploads\/2021\/06\/Curso-Edicion-Art-Cientificos-OK-159x300.jpg 159w, https:\/\/www.medicinafamiliar.cl\/mf\/wordpress\/wp-content\/uploads\/2021\/06\/Curso-Edicion-Art-Cientificos-OK-768x1445.jpg 768w, https:\/\/www.medicinafamiliar.cl\/mf\/wordpress\/wp-content\/uploads\/2021\/06\/Curso-Edicion-Art-Cientificos-OK-817x1536.jpg 817w, https:\/\/www.medicinafamiliar.cl\/mf\/wordpress\/wp-content\/uploads\/2021\/06\/Curso-Edicion-Art-Cientificos-OK-370x696.jpg 370w, https:\/\/www.medicinafamiliar.cl\/mf\/wordpress\/wp-content\/uploads\/2021\/06\/Curso-Edicion-Art-Cientificos-OK-270x508.jpg 270w, https:\/\/www.medicinafamiliar.cl\/mf\/wordpress\/wp-content\/uploads\/2021\/06\/Curso-Edicion-Art-Cientificos-OK-570x1072.jpg 570w, https:\/\/www.medicinafamiliar.cl\/mf\/wordpress\/wp-content\/uploads\/2021\/06\/Curso-Edicion-Art-Cientificos-OK-740x1392.jpg 740w, https:\/\/www.medicinafamiliar.cl\/mf\/wordpress\/wp-content\/uploads\/2021\/06\/Curso-Edicion-Art-Cientificos-OK.jpg 1000w\" sizes=\"auto, (max-width: 544px) 100vw, 544px\" \/><\/figure>\n<\/div>","protected":false},"excerpt":{"rendered":"<p>INSCRIPCIONES CERRADAS<\/p>\n","protected":false},"author":1,"featured_media":1717,"comment_status":"closed","ping_status":"closed","sticky":false,"template":"","format":"standard","meta":{"footnotes":""},"categories":[808,2,3],"tags":[],"class_list":["post-1707","post","type-post","status-publish","format-standard","has-post-thumbnail","hentry","category-curso-sochimef-realizado","category-noticias","category-portada"],"_links":{"self":[{"href":"https:\/\/www.medicinafamiliar.cl\/mf\/wordpress\/wp-json\/wp\/v2\/posts\/1707","targetHints":{"allow":["GET"]}}],"collection":[{"href":"https:\/\/www.medicinafamiliar.cl\/mf\/wordpress\/wp-json\/wp\/v2\/posts"}],"about":[{"href":"https:\/\/www.medicinafamiliar.cl\/mf\/wordpress\/wp-json\/wp\/v2\/types\/post"}],"author":[{"embeddable":true,"href":"https:\/\/www.medicinafamiliar.cl\/mf\/wordpress\/wp-json\/wp\/v2\/users\/1"}],"replies":[{"embeddable":true,"href":"https:\/\/www.medicinafamiliar.cl\/mf\/wordpress\/wp-json\/wp\/v2\/comments?post=1707"}],"version-history":[{"count":20,"href":"https:\/\/www.medicinafamiliar.cl\/mf\/wordpress\/wp-json\/wp\/v2\/posts\/1707\/revisions"}],"predecessor-version":[{"id":3865,"href":"https:\/\/www.medicinafamiliar.cl\/mf\/wordpress\/wp-json\/wp\/v2\/posts\/1707\/revisions\/3865"}],"wp:featuredmedia":[{"embeddable":true,"href":"https:\/\/www.medicinafamiliar.cl\/mf\/wordpress\/wp-json\/wp\/v2\/media\/1717"}],"wp:attachment":[{"href":"https:\/\/www.medicinafamiliar.cl\/mf\/wordpress\/wp-json\/wp\/v2\/media?parent=1707"}],"wp:term":[{"taxonomy":"category","embeddable":true,"href":"https:\/\/www.medicinafamiliar.cl\/mf\/wordpress\/wp-json\/wp\/v2\/categories?post=1707"},{"taxonomy":"post_tag","embeddable":true,"href":"https:\/\/www.medicinafamiliar.cl\/mf\/wordpress\/wp-json\/wp\/v2\/tags?post=1707"}],"curies":[{"name":"wp","href":"https:\/\/api.w.org\/{rel}","templated":true}]}}