{"id":1696,"date":"2021-06-02T19:43:21","date_gmt":"2021-06-02T22:43:21","guid":{"rendered":"http:\/\/www.medicinafamiliar.cl\/mf\/wordpress\/?p=1696"},"modified":"2021-06-02T19:45:36","modified_gmt":"2021-06-02T22:45:36","slug":"i-jornadas-chilenas-de-trastornos-alimentarios-actualidad-y-desafios","status":"publish","type":"post","link":"https:\/\/www.medicinafamiliar.cl\/mf\/wordpress\/2021\/06\/02\/i-jornadas-chilenas-de-trastornos-alimentarios-actualidad-y-desafios\/","title":{"rendered":"I Jornadas Chilenas de Trastornos Alimentarios: Actualidad y Desaf\u00edos"},"content":{"rendered":"<p>El Grupo de Trabajo <strong>SONEPSYN<\/strong> y la <strong>Facultad de Medicina de la Universidad de Chile<\/strong> organizan la <strong>I Jornadas Chilenas de Trastornos Alimentarios: Actualidad y Desaf\u00edos,<\/strong> que realizar\u00e1 los d\u00edas 18 al 21 de agosto. Las Jornadas se realizaran de forma virtual.<\/p>\n<p><strong>Dirigido a:<\/strong><br>\nM\u00e9dicos: Psiquiatras, M\u00e9dicos Generales, Familiares, Pediatras, Nutri\u00f3logos, Ginec\u00f3logos y otros, Psic\u00f3logos\/as, Nutricionistas, Enfermeras\/os, Trabajadores\/as Sociales, Terapeutas Ocupacionales y otros profesionales de la Salud interesados en el \u00e1rea.<\/p>\n<p><strong>Descargar Programa:<br>\n<a href=\"http:\/\/www.medicinafamiliar.cl\/mf\/wordpress\/wp-content\/uploads\/2021\/06\/PROGRAMA-JORNADAS-TCA_compressed.pdf\" target=\"_blank\" rel=\"noopener noreferrer\">Programa I Jornadas Chilenas de Trastornos Alimentarios<\/a><\/strong><\/p>\n<p><strong>Inscripciones ac\u00e1:<\/strong><br>\n<strong><a href=\"https:\/\/www.icpu.cl\/inscripciones\/trastornos\/\" target=\"_blank\" rel=\"noopener noreferrer\">I Jornadas Chilenas Trastornos Alimentarios<\/a><\/strong><\/p>\n\n\n<figure class=\"wp-block-image size-large\"><img loading=\"lazy\" decoding=\"async\" width=\"576\" height=\"1024\" src=\"http:\/\/www.medicinafamiliar.cl\/mf\/wordpress\/wp-content\/uploads\/2021\/06\/sochimef-afiche-1-jornada-trastornos-alimentarios-576x1024.jpg\" alt=\"\" class=\"wp-image-1703\" srcset=\"https:\/\/www.medicinafamiliar.cl\/mf\/wordpress\/wp-content\/uploads\/2021\/06\/sochimef-afiche-1-jornada-trastornos-alimentarios-576x1024.jpg 576w, https:\/\/www.medicinafamiliar.cl\/mf\/wordpress\/wp-content\/uploads\/2021\/06\/sochimef-afiche-1-jornada-trastornos-alimentarios-169x300.jpg 169w, https:\/\/www.medicinafamiliar.cl\/mf\/wordpress\/wp-content\/uploads\/2021\/06\/sochimef-afiche-1-jornada-trastornos-alimentarios-768x1366.jpg 768w, https:\/\/www.medicinafamiliar.cl\/mf\/wordpress\/wp-content\/uploads\/2021\/06\/sochimef-afiche-1-jornada-trastornos-alimentarios-864x1536.jpg 864w, https:\/\/www.medicinafamiliar.cl\/mf\/wordpress\/wp-content\/uploads\/2021\/06\/sochimef-afiche-1-jornada-trastornos-alimentarios-370x658.jpg 370w, https:\/\/www.medicinafamiliar.cl\/mf\/wordpress\/wp-content\/uploads\/2021\/06\/sochimef-afiche-1-jornada-trastornos-alimentarios-270x480.jpg 270w, https:\/\/www.medicinafamiliar.cl\/mf\/wordpress\/wp-content\/uploads\/2021\/06\/sochimef-afiche-1-jornada-trastornos-alimentarios-570x1013.jpg 570w, https:\/\/www.medicinafamiliar.cl\/mf\/wordpress\/wp-content\/uploads\/2021\/06\/sochimef-afiche-1-jornada-trastornos-alimentarios-740x1316.jpg 740w, https:\/\/www.medicinafamiliar.cl\/mf\/wordpress\/wp-content\/uploads\/2021\/06\/sochimef-afiche-1-jornada-trastornos-alimentarios.jpg 1000w\" sizes=\"auto, (max-width: 576px) 100vw, 576px\" \/><\/figure>\n","protected":false},"excerpt":{"rendered":"<p>.<\/p>\n","protected":false},"author":1,"featured_media":1700,"comment_status":"closed","ping_status":"closed","sticky":false,"template":"","format":"standard","meta":{"footnotes":""},"categories":[7,2,3],"tags":[383,189,25,18,384],"class_list":["post-1696","post","type-post","status-publish","format-standard","has-post-thumbnail","hentry","category-jornada","category-noticias","category-portada","tag-i-jornadas-chilenas-de-trastornos-alimentarios","tag-jornadas","tag-medicina-familiar","tag-mf","tag-trastornos-alimentarios"],"_links":{"self":[{"href":"https:\/\/www.medicinafamiliar.cl\/mf\/wordpress\/wp-json\/wp\/v2\/posts\/1696","targetHints":{"allow":["GET"]}}],"collection":[{"href":"https:\/\/www.medicinafamiliar.cl\/mf\/wordpress\/wp-json\/wp\/v2\/posts"}],"about":[{"href":"https:\/\/www.medicinafamiliar.cl\/mf\/wordpress\/wp-json\/wp\/v2\/types\/post"}],"author":[{"embeddable":true,"href":"https:\/\/www.medicinafamiliar.cl\/mf\/wordpress\/wp-json\/wp\/v2\/users\/1"}],"replies":[{"embeddable":true,"href":"https:\/\/www.medicinafamiliar.cl\/mf\/wordpress\/wp-json\/wp\/v2\/comments?post=1696"}],"version-history":[{"count":6,"href":"https:\/\/www.medicinafamiliar.cl\/mf\/wordpress\/wp-json\/wp\/v2\/posts\/1696\/revisions"}],"predecessor-version":[{"id":1706,"href":"https:\/\/www.medicinafamiliar.cl\/mf\/wordpress\/wp-json\/wp\/v2\/posts\/1696\/revisions\/1706"}],"wp:featuredmedia":[{"embeddable":true,"href":"https:\/\/www.medicinafamiliar.cl\/mf\/wordpress\/wp-json\/wp\/v2\/media\/1700"}],"wp:attachment":[{"href":"https:\/\/www.medicinafamiliar.cl\/mf\/wordpress\/wp-json\/wp\/v2\/media?parent=1696"}],"wp:term":[{"taxonomy":"category","embeddable":true,"href":"https:\/\/www.medicinafamiliar.cl\/mf\/wordpress\/wp-json\/wp\/v2\/categories?post=1696"},{"taxonomy":"post_tag","embeddable":true,"href":"https:\/\/www.medicinafamiliar.cl\/mf\/wordpress\/wp-json\/wp\/v2\/tags?post=1696"}],"curies":[{"name":"wp","href":"https:\/\/api.w.org\/{rel}","templated":true}]}}