{"id":5700,"date":"2026-09-05T11:46:36","date_gmt":"2026-09-05T15:46:36","guid":{"rendered":"https:\/\/www.medicinafamiliar.cl\/mf\/wordpress\/?p=5700"},"modified":"2026-09-05T12:21:09","modified_gmt":"2026-09-05T16:21:09","slug":"sochimef-releva-aporte-de-la-medicina-familiar-al-fortalecimiento-de-la-atencion-primaria","status":"publish","type":"post","link":"http:\/\/www.medicinafamiliar.cl\/mf\/wordpress\/2026\/09\/05\/sochimef-releva-aporte-de-la-medicina-familiar-al-fortalecimiento-de-la-atencion-primaria\/","title":{"rendered":"SOCHIMEF releva aporte de la Medicina Familiar al fortalecimiento de la atenci\u00f3n primaria"},"content":{"rendered":"\n<p>Treinta a\u00f1os formando especialistas capaces de comprender la salud no s\u00f3lo desde la enfermedad, sino tambi\u00e9n desde las familias, las comunidades y los territorios, fueron conmemorados durante la VI Jornada de Medicina Familiar de la Universidad de Valpara\u00edso 2026, encuentro que reuni\u00f3 a m\u00e9dicos de familia, acad\u00e9micos, residentes y especialistas en el Colegio M\u00e9dico Regional Valpara\u00edso.<\/p>\n\n\n\n<p>Bajo el lema \u201cLa gesti\u00f3n con sentido: articulando comunidad y cuidado en 30 a\u00f1os de Medicina Familiar\u201d, la jornada combin\u00f3 actualizaci\u00f3n acad\u00e9mica, presentaci\u00f3n de trabajos y una revisi\u00f3n de la trayectoria de una especialidad que ha adquirido un papel cada vez m\u00e1s relevante frente a los desaf\u00edos que enfrenta la atenci\u00f3n de salud en Chile.<\/p>\n\n\n\n<p>La actividad fue organizada por el Departamento de Humanidades y Medicina Familiar y la especialidad de Medicina Familiar de la Universidad de Valpara\u00edso y cont\u00f3 con el auspicio de la Sociedad Chilena de Medicina Familiar y el Colegio M\u00e9dico Regional Valpara\u00edso, en el marco de la conmemoraci\u00f3n de los 30 a\u00f1os del programa de especializaci\u00f3n en Medicina Familiar de la Universidad de Valpara\u00edso.<\/p>\n\n\n\n<p>Para la presidenta de la Sociedad Chilena de Medicina Familiar e integrante de la directiva del Colegio M\u00e9dico Regional Valpara\u00edso, Dra. Andrea Didier, el aniversario constituye tambi\u00e9n una oportunidad para reconocer la contribuci\u00f3n que ha realizado la casa de estudios a la formaci\u00f3n de especialistas.<\/p>\n\n\n\n<p>\u201cPara nosotros como Sociedad y como m\u00e9dicos de familia es una alegr\u00eda y un orgullo. Agradecemos el aporte de la Universidad de Valpara\u00edso en el concierto regional y nacional por la formaci\u00f3n de tantos m\u00e9dicos y m\u00e9dicas de familia que hoy se desempe\u00f1an en distintos lugares de nuestra red\u201d, se\u00f1al\u00f3.<\/p>\n\n\n\n<p><strong>Tres d\u00e9cadas poniendo a las personas en el centro<\/strong><\/p>\n\n\n\n<p>El encuentro tuvo un significado especial para la comunidad universitaria. El director de Postgrado y Post\u00edtulo de la Escuela de Medicina de la Universidad de Valpara\u00edso, Dr. Sebasti\u00e1n San Mart\u00edn, destac\u00f3 que estas tres d\u00e9cadas representan mucho m\u00e1s que una trayectoria acad\u00e9mica. \u201cEs toda una comunidad de docentes y colaboradores que comparte una visi\u00f3n com\u00fan: contribuir a una atenci\u00f3n de salud m\u00e1s humana, integral y cercana a las personas, sus familias y comunidades\u201d, afirm\u00f3.<\/p>\n\n\n\n<p>San Mart\u00edn resalt\u00f3 el aporte de la Universidad de Valpara\u00edso a la formaci\u00f3n m\u00e9dica fuera de Santiago y se\u00f1al\u00f3 que la Medicina Familiar ha sabido ampliar sus \u00e1mbitos de acci\u00f3n y responder a nuevas necesidades sanitarias, manteniendo como principio fundamental el cuidado centrado en las personas y sus familias.<\/p>\n\n\n\n<p>La visi\u00f3n es compartida por la directora del Programa de Medicina Familiar de la Universidad de Valpara\u00edso, Dra. Macarena Olate, quien calific\u00f3 la realizaci\u00f3n de esta sexta jornada y el aniversario n\u00famero 30 como un hito para la especialidad. \u201cUno de los objetivos centrales de nuestro programa es formar especialistas que contribuyan al fortalecimiento de la atenci\u00f3n primaria y tambi\u00e9n a otros espacios donde se desempe\u00f1an los m\u00e9dicos de familia, tanto en la regi\u00f3n como en el pa\u00eds\u201d, explic\u00f3.<\/p>\n\n\n\n<p>La acad\u00e9mica destac\u00f3 que una de las principales fortalezas de la Medicina Familiar es precisamente su capacidad para comprender a las personas en toda su complejidad. \u201cPermite mirar a la persona de manera integral, no s\u00f3lo como individuo, sino como parte de una familia, una comunidad y un territorio. Adem\u00e1s, los m\u00e9dicos de familia tenemos la capacidad de trabajar en equipo, fortaleciendo la atenci\u00f3n primaria y potenciando el trabajo interdisciplinario\u201d, sostuvo.<\/p>\n\n\n\n<p><strong>Historia, comunidad y nuevos desaf\u00edos<\/strong><\/p>\n\n\n\n<p>La jornada tambi\u00e9n permiti\u00f3 reconocer a quienes fueron protagonistas de la historia del programa. Durante la ceremonia se realiz\u00f3 un homenaje al Dr. Sergio Santib\u00e1\u00f1ez, primer director del Programa de Medicina Familiar, y a la Dra. Carolina Reyes, directora del Departamento de Humanidades M\u00e9dicas y Medicina Familiar de la Universidad de Valpara\u00edso.<\/p>\n\n\n\n<p>La conmemoraci\u00f3n puso en valor una trayectoria construida durante tres d\u00e9cadas con la participaci\u00f3n de profesionales de distintas disciplinas y con un fuerte v\u00ednculo con las comunidades, destacando que la formaci\u00f3n en Medicina Familiar no se desarrolla \u00fanicamente en las aulas, sino tambi\u00e9n en el contacto cotidiano con las personas, sus historias, familias y territorios.<\/p>\n\n\n\n<p>Uno de los momentos centrales fue la conferencia inaugural de la invitada Dra. Mar\u00eda Inez Padula, una de las m\u00e9dicas de familia m\u00e1s destacadas de Iberoam\u00e9rica y el mundo, quien recibi\u00f3 recientemente el Premio Global M\u00e9dico Cinco Estrellas en la Cumbre Mundial de M\u00e9dicos de Familia WONCA 2025. La doctora desarroll\u00f3 la presentaci\u00f3n titulada \u201cLa gesti\u00f3n con sentido como herramienta transformadora de los sistemas de salud\u201d, tem\u00e1tica directamente vinculada con el lema escogido para esta edici\u00f3n.<\/p>\n\n\n\n<p>A 30 a\u00f1os de la creaci\u00f3n del programa, la VI Jornada de Medicina Familiar volvi\u00f3 a poner sobre la mesa un desaf\u00edo que atraviesa al sistema sanitario chileno: avanzar hacia modelos de atenci\u00f3n capaces de integrar conocimientos cl\u00ednicos con las realidades familiares, sociales y territoriales de las personas, fortaleciendo una atenci\u00f3n primaria m\u00e1s cercana, interdisciplinaria y conectada con las comunidades.<\/p>\n\n\n\n<figure class=\"wp-block-gallery has-nested-images columns-default is-cropped wp-block-gallery-1 is-layout-flex wp-block-gallery-is-layout-flex\">\n<figure class=\"wp-block-image size-large\"><img loading=\"lazy\" decoding=\"async\" width=\"1024\" height=\"768\" data-id=\"5713\" src=\"https:\/\/www.medicinafamiliar.cl\/mf\/wordpress\/wp-content\/uploads\/2026\/09\/jornada-15-1024x768.jpeg\" alt=\"\" class=\"wp-image-5713\" srcset=\"http:\/\/www.medicinafamiliar.cl\/mf\/wordpress\/wp-content\/uploads\/2026\/09\/jornada-15-1024x768.jpeg 1024w, http:\/\/www.medicinafamiliar.cl\/mf\/wordpress\/wp-content\/uploads\/2026\/09\/jornada-15-300x225.jpeg 300w, http:\/\/www.medicinafamiliar.cl\/mf\/wordpress\/wp-content\/uploads\/2026\/09\/jornada-15-768x576.jpeg 768w, http:\/\/www.medicinafamiliar.cl\/mf\/wordpress\/wp-content\/uploads\/2026\/09\/jornada-15-370x278.jpeg 370w, http:\/\/www.medicinafamiliar.cl\/mf\/wordpress\/wp-content\/uploads\/2026\/09\/jornada-15-270x203.jpeg 270w, http:\/\/www.medicinafamiliar.cl\/mf\/wordpress\/wp-content\/uploads\/2026\/09\/jornada-15-570x428.jpeg 570w, http:\/\/www.medicinafamiliar.cl\/mf\/wordpress\/wp-content\/uploads\/2026\/09\/jornada-15-740x555.jpeg 740w, http:\/\/www.medicinafamiliar.cl\/mf\/wordpress\/wp-content\/uploads\/2026\/09\/jornada-15-80x60.jpeg 80w, http:\/\/www.medicinafamiliar.cl\/mf\/wordpress\/wp-content\/uploads\/2026\/09\/jornada-15.jpeg 1280w\" sizes=\"auto, (max-width: 1024px) 100vw, 1024px\" \/><\/figure>\n\n\n\n<figure class=\"wp-block-image size-large\"><img loading=\"lazy\" decoding=\"async\" width=\"1024\" height=\"768\" data-id=\"5715\" src=\"https:\/\/www.medicinafamiliar.cl\/mf\/wordpress\/wp-content\/uploads\/2026\/09\/jornada-13-1024x768.jpeg\" alt=\"\" class=\"wp-image-5715\" srcset=\"http:\/\/www.medicinafamiliar.cl\/mf\/wordpress\/wp-content\/uploads\/2026\/09\/jornada-13-1024x768.jpeg 1024w, http:\/\/www.medicinafamiliar.cl\/mf\/wordpress\/wp-content\/uploads\/2026\/09\/jornada-13-300x225.jpeg 300w, http:\/\/www.medicinafamiliar.cl\/mf\/wordpress\/wp-content\/uploads\/2026\/09\/jornada-13-768x576.jpeg 768w, http:\/\/www.medicinafamiliar.cl\/mf\/wordpress\/wp-content\/uploads\/2026\/09\/jornada-13-370x278.jpeg 370w, http:\/\/www.medicinafamiliar.cl\/mf\/wordpress\/wp-content\/uploads\/2026\/09\/jornada-13-270x203.jpeg 270w, http:\/\/www.medicinafamiliar.cl\/mf\/wordpress\/wp-content\/uploads\/2026\/09\/jornada-13-570x428.jpeg 570w, http:\/\/www.medicinafamiliar.cl\/mf\/wordpress\/wp-content\/uploads\/2026\/09\/jornada-13-740x555.jpeg 740w, http:\/\/www.medicinafamiliar.cl\/mf\/wordpress\/wp-content\/uploads\/2026\/09\/jornada-13-80x60.jpeg 80w, http:\/\/www.medicinafamiliar.cl\/mf\/wordpress\/wp-content\/uploads\/2026\/09\/jornada-13.jpeg 1280w\" sizes=\"auto, (max-width: 1024px) 100vw, 1024px\" \/><\/figure>\n\n\n\n<figure class=\"wp-block-image size-large\"><img loading=\"lazy\" decoding=\"async\" width=\"1024\" height=\"696\" data-id=\"5711\" src=\"https:\/\/www.medicinafamiliar.cl\/mf\/wordpress\/wp-content\/uploads\/2026\/09\/jornada-11-1024x696.jpg\" alt=\"\" class=\"wp-image-5711\" srcset=\"http:\/\/www.medicinafamiliar.cl\/mf\/wordpress\/wp-content\/uploads\/2026\/09\/jornada-11-1024x696.jpg 1024w, http:\/\/www.medicinafamiliar.cl\/mf\/wordpress\/wp-content\/uploads\/2026\/09\/jornada-11-300x204.jpg 300w, http:\/\/www.medicinafamiliar.cl\/mf\/wordpress\/wp-content\/uploads\/2026\/09\/jornada-11-768x522.jpg 768w, http:\/\/www.medicinafamiliar.cl\/mf\/wordpress\/wp-content\/uploads\/2026\/09\/jornada-11-1536x1043.jpg 1536w, http:\/\/www.medicinafamiliar.cl\/mf\/wordpress\/wp-content\/uploads\/2026\/09\/jornada-11-2048x1391.jpg 2048w, http:\/\/www.medicinafamiliar.cl\/mf\/wordpress\/wp-content\/uploads\/2026\/09\/jornada-11-370x251.jpg 370w, http:\/\/www.medicinafamiliar.cl\/mf\/wordpress\/wp-content\/uploads\/2026\/09\/jornada-11-270x183.jpg 270w, http:\/\/www.medicinafamiliar.cl\/mf\/wordpress\/wp-content\/uploads\/2026\/09\/jornada-11-570x387.jpg 570w, http:\/\/www.medicinafamiliar.cl\/mf\/wordpress\/wp-content\/uploads\/2026\/09\/jornada-11-740x503.jpg 740w\" sizes=\"auto, (max-width: 1024px) 100vw, 1024px\" \/><\/figure>\n\n\n\n<figure class=\"wp-block-image size-large\"><img loading=\"lazy\" decoding=\"async\" width=\"1024\" height=\"791\" data-id=\"5712\" src=\"https:\/\/www.medicinafamiliar.cl\/mf\/wordpress\/wp-content\/uploads\/2026\/09\/jornada-12-1024x791.jpg\" alt=\"\" class=\"wp-image-5712\" srcset=\"http:\/\/www.medicinafamiliar.cl\/mf\/wordpress\/wp-content\/uploads\/2026\/09\/jornada-12-1024x791.jpg 1024w, http:\/\/www.medicinafamiliar.cl\/mf\/wordpress\/wp-content\/uploads\/2026\/09\/jornada-12-300x232.jpg 300w, http:\/\/www.medicinafamiliar.cl\/mf\/wordpress\/wp-content\/uploads\/2026\/09\/jornada-12-768x593.jpg 768w, http:\/\/www.medicinafamiliar.cl\/mf\/wordpress\/wp-content\/uploads\/2026\/09\/jornada-12-1536x1186.jpg 1536w, http:\/\/www.medicinafamiliar.cl\/mf\/wordpress\/wp-content\/uploads\/2026\/09\/jornada-12-2048x1582.jpg 2048w, http:\/\/www.medicinafamiliar.cl\/mf\/wordpress\/wp-content\/uploads\/2026\/09\/jornada-12-370x286.jpg 370w, http:\/\/www.medicinafamiliar.cl\/mf\/wordpress\/wp-content\/uploads\/2026\/09\/jornada-12-270x209.jpg 270w, http:\/\/www.medicinafamiliar.cl\/mf\/wordpress\/wp-content\/uploads\/2026\/09\/jornada-12-570x440.jpg 570w, http:\/\/www.medicinafamiliar.cl\/mf\/wordpress\/wp-content\/uploads\/2026\/09\/jornada-12-740x572.jpg 740w\" sizes=\"auto, (max-width: 1024px) 100vw, 1024px\" \/><\/figure>\n\n\n\n<figure class=\"wp-block-image size-large\"><img loading=\"lazy\" decoding=\"async\" width=\"1024\" height=\"683\" data-id=\"5707\" src=\"https:\/\/www.medicinafamiliar.cl\/mf\/wordpress\/wp-content\/uploads\/2026\/09\/jornada-5-1024x683.jpg\" alt=\"\" class=\"wp-image-5707\" srcset=\"http:\/\/www.medicinafamiliar.cl\/mf\/wordpress\/wp-content\/uploads\/2026\/09\/jornada-5-1024x683.jpg 1024w, http:\/\/www.medicinafamiliar.cl\/mf\/wordpress\/wp-content\/uploads\/2026\/09\/jornada-5-300x200.jpg 300w, http:\/\/www.medicinafamiliar.cl\/mf\/wordpress\/wp-content\/uploads\/2026\/09\/jornada-5-768x512.jpg 768w, http:\/\/www.medicinafamiliar.cl\/mf\/wordpress\/wp-content\/uploads\/2026\/09\/jornada-5-1536x1024.jpg 1536w, http:\/\/www.medicinafamiliar.cl\/mf\/wordpress\/wp-content\/uploads\/2026\/09\/jornada-5-2048x1365.jpg 2048w, http:\/\/www.medicinafamiliar.cl\/mf\/wordpress\/wp-content\/uploads\/2026\/09\/jornada-5-370x247.jpg 370w, http:\/\/www.medicinafamiliar.cl\/mf\/wordpress\/wp-content\/uploads\/2026\/09\/jornada-5-270x180.jpg 270w, http:\/\/www.medicinafamiliar.cl\/mf\/wordpress\/wp-content\/uploads\/2026\/09\/jornada-5-570x380.jpg 570w, http:\/\/www.medicinafamiliar.cl\/mf\/wordpress\/wp-content\/uploads\/2026\/09\/jornada-5-740x493.jpg 740w\" sizes=\"auto, (max-width: 1024px) 100vw, 1024px\" \/><\/figure>\n\n\n\n<figure class=\"wp-block-image size-large\"><img loading=\"lazy\" decoding=\"async\" width=\"1024\" height=\"683\" data-id=\"5706\" src=\"https:\/\/www.medicinafamiliar.cl\/mf\/wordpress\/wp-content\/uploads\/2026\/09\/jornada-4-1024x683.jpg\" alt=\"\" class=\"wp-image-5706\" srcset=\"http:\/\/www.medicinafamiliar.cl\/mf\/wordpress\/wp-content\/uploads\/2026\/09\/jornada-4-1024x683.jpg 1024w, http:\/\/www.medicinafamiliar.cl\/mf\/wordpress\/wp-content\/uploads\/2026\/09\/jornada-4-300x200.jpg 300w, http:\/\/www.medicinafamiliar.cl\/mf\/wordpress\/wp-content\/uploads\/2026\/09\/jornada-4-768x512.jpg 768w, http:\/\/www.medicinafamiliar.cl\/mf\/wordpress\/wp-content\/uploads\/2026\/09\/jornada-4-1536x1024.jpg 1536w, http:\/\/www.medicinafamiliar.cl\/mf\/wordpress\/wp-content\/uploads\/2026\/09\/jornada-4-2048x1365.jpg 2048w, http:\/\/www.medicinafamiliar.cl\/mf\/wordpress\/wp-content\/uploads\/2026\/09\/jornada-4-370x247.jpg 370w, http:\/\/www.medicinafamiliar.cl\/mf\/wordpress\/wp-content\/uploads\/2026\/09\/jornada-4-270x180.jpg 270w, http:\/\/www.medicinafamiliar.cl\/mf\/wordpress\/wp-content\/uploads\/2026\/09\/jornada-4-570x380.jpg 570w, http:\/\/www.medicinafamiliar.cl\/mf\/wordpress\/wp-content\/uploads\/2026\/09\/jornada-4-740x493.jpg 740w\" sizes=\"auto, (max-width: 1024px) 100vw, 1024px\" \/><\/figure>\n\n\n\n<figure class=\"wp-block-image size-large\"><img loading=\"lazy\" decoding=\"async\" width=\"1024\" height=\"683\" data-id=\"5701\" src=\"https:\/\/www.medicinafamiliar.cl\/mf\/wordpress\/wp-content\/uploads\/2026\/09\/jornada-2-1024x683.jpg\" alt=\"\" class=\"wp-image-5701\" srcset=\"http:\/\/www.medicinafamiliar.cl\/mf\/wordpress\/wp-content\/uploads\/2026\/09\/jornada-2-1024x683.jpg 1024w, http:\/\/www.medicinafamiliar.cl\/mf\/wordpress\/wp-content\/uploads\/2026\/09\/jornada-2-300x200.jpg 300w, http:\/\/www.medicinafamiliar.cl\/mf\/wordpress\/wp-content\/uploads\/2026\/09\/jornada-2-768x512.jpg 768w, http:\/\/www.medicinafamiliar.cl\/mf\/wordpress\/wp-content\/uploads\/2026\/09\/jornada-2-1536x1024.jpg 1536w, http:\/\/www.medicinafamiliar.cl\/mf\/wordpress\/wp-content\/uploads\/2026\/09\/jornada-2-2048x1365.jpg 2048w, http:\/\/www.medicinafamiliar.cl\/mf\/wordpress\/wp-content\/uploads\/2026\/09\/jornada-2-370x247.jpg 370w, http:\/\/www.medicinafamiliar.cl\/mf\/wordpress\/wp-content\/uploads\/2026\/09\/jornada-2-270x180.jpg 270w, http:\/\/www.medicinafamiliar.cl\/mf\/wordpress\/wp-content\/uploads\/2026\/09\/jornada-2-570x380.jpg 570w, http:\/\/www.medicinafamiliar.cl\/mf\/wordpress\/wp-content\/uploads\/2026\/09\/jornada-2-740x493.jpg 740w\" sizes=\"auto, (max-width: 1024px) 100vw, 1024px\" \/><\/figure>\n<\/figure>\n","protected":false},"excerpt":{"rendered":"<p>Treinta a\u00f1os formando especialistas capaces de comprender la salud no s\u00f3lo desde la enfermedad, sino tambi\u00e9n desde las familias, las comunidades y los territorios, fueron conmemorados durante la VI Jornada de Medicina Familiar de la Universidad de Valpara\u00edso 2026, encuentro que reuni\u00f3 a m\u00e9dicos de familia, acad\u00e9micos, residentes y especialistas en el Colegio M\u00e9dico Regional [&hellip;]<\/p>\n","protected":false},"author":2,"featured_media":5704,"comment_status":"open","ping_status":"open","sticky":false,"template":"","format":"standard","meta":{"footnotes":""},"categories":[7,2,3],"tags":[14,20,25,18,24],"class_list":["post-5700","post","type-post","status-publish","format-standard","has-post-thumbnail","hentry","category-jornada","category-noticias","category-portada","tag-aps","tag-atencion-primaria","tag-medicina-familiar","tag-mf","tag-sochimef"],"_links":{"self":[{"href":"http:\/\/www.medicinafamiliar.cl\/mf\/wordpress\/wp-json\/wp\/v2\/posts\/5700","targetHints":{"allow":["GET"]}}],"collection":[{"href":"http:\/\/www.medicinafamiliar.cl\/mf\/wordpress\/wp-json\/wp\/v2\/posts"}],"about":[{"href":"http:\/\/www.medicinafamiliar.cl\/mf\/wordpress\/wp-json\/wp\/v2\/types\/post"}],"author":[{"embeddable":true,"href":"http:\/\/www.medicinafamiliar.cl\/mf\/wordpress\/wp-json\/wp\/v2\/users\/2"}],"replies":[{"embeddable":true,"href":"http:\/\/www.medicinafamiliar.cl\/mf\/wordpress\/wp-json\/wp\/v2\/comments?post=5700"}],"version-history":[{"count":2,"href":"http:\/\/www.medicinafamiliar.cl\/mf\/wordpress\/wp-json\/wp\/v2\/posts\/5700\/revisions"}],"predecessor-version":[{"id":5716,"href":"http:\/\/www.medicinafamiliar.cl\/mf\/wordpress\/wp-json\/wp\/v2\/posts\/5700\/revisions\/5716"}],"wp:featuredmedia":[{"embeddable":true,"href":"http:\/\/www.medicinafamiliar.cl\/mf\/wordpress\/wp-json\/wp\/v2\/media\/5704"}],"wp:attachment":[{"href":"http:\/\/www.medicinafamiliar.cl\/mf\/wordpress\/wp-json\/wp\/v2\/media?parent=5700"}],"wp:term":[{"taxonomy":"category","embeddable":true,"href":"http:\/\/www.medicinafamiliar.cl\/mf\/wordpress\/wp-json\/wp\/v2\/categories?post=5700"},{"taxonomy":"post_tag","embeddable":true,"href":"http:\/\/www.medicinafamiliar.cl\/mf\/wordpress\/wp-json\/wp\/v2\/tags?post=5700"}],"curies":[{"name":"wp","href":"https:\/\/api.w.org\/{rel}","templated":true}]}}