{"id":5691,"date":"2026-09-01T19:17:11","date_gmt":"2026-09-01T23:17:11","guid":{"rendered":"https:\/\/www.medicinafamiliar.cl\/mf\/wordpress\/?p=5691"},"modified":"2026-09-01T19:23:55","modified_gmt":"2026-09-01T23:23:55","slug":"sochimef-participa-en-el-xvi-congreso-nacional-de-atencion-primaria","status":"publish","type":"post","link":"http:\/\/www.medicinafamiliar.cl\/mf\/wordpress\/2026\/09\/01\/sochimef-participa-en-el-xvi-congreso-nacional-de-atencion-primaria\/","title":{"rendered":"SOCHIMEF participa en el XVI Congreso Nacional de Atenci\u00f3n Primaria"},"content":{"rendered":"<p>Importante presencia y participaci\u00f3n de la Presidenta de SOCHIMEF, parte del Directorio y socios\/as en el XVI Congreso Nacional de Atenci\u00f3n Primaria, entre los d\u00edas 27 y 29 de agosto, con el lema \u201cAPS, la fuerza que mueve la salud\u201d. En esta instancia se pudo analizar qu\u00e9 desaf\u00edos est\u00e1 enfrentando APS en la actualidad.<\/p>\n<p>Entre los aspectos que tuvieron mayor relevancia, estuvieron: salud mental del personal sanitario, la aplicaci\u00f3n de IA en la APS, demencias, la eutanasia y la Medicina del Trabajo y Ambiental.<\/p>\n<p>Tambi\u00e9n se destac\u00f3 el espacio que ofrece una instancia como este congreso para poder encontrarse entre quienes son parte de la Atenci\u00f3n Primaria.<\/p>\n<p>En el encuentro realizado en las instalaciones del Colegio M\u00e9dico de Santiago, se destac\u00f3 la gran convocatoria que tuvo, demostrando la importancia de que quienes trabajan directamente en APS se puedan reunir y debatir de la Atenci\u00f3n Primaria.<\/p>\n<p>SOCHIMEF agradece la invitaci\u00f3n al XVI Congreso Nacional de M\u00e9dicos APS.<\/p>\n\n\n<figure class=\"wp-block-gallery has-nested-images columns-default is-cropped wp-block-gallery-1 is-layout-flex wp-block-gallery-is-layout-flex\">\n<figure data-wp-context=\"{&quot;imageId&quot;:&quot;6a978fad96ed9&quot;}\" data-wp-interactive=\"core\/image\" data-wp-key=\"6a978fad96ed9\" class=\"wp-block-image size-large wp-lightbox-container\"><img loading=\"lazy\" decoding=\"async\" width=\"760\" height=\"570\" data-wp-class--hide=\"state.isContentHidden\" data-wp-class--show=\"state.isContentVisible\" data-wp-init=\"callbacks.setButtonStyles\" data-wp-on--click=\"actions.showLightbox\" data-wp-on--load=\"callbacks.setButtonStyles\" data-wp-on-window--resize=\"callbacks.setButtonStyles\" data-id=\"5696\" src=\"https:\/\/www.medicinafamiliar.cl\/mf\/wordpress\/wp-content\/uploads\/2026\/09\/sochimef-xvi-congreso-aps-2026-001.jpg\" alt=\"\" class=\"wp-image-5696\" srcset=\"http:\/\/www.medicinafamiliar.cl\/mf\/wordpress\/wp-content\/uploads\/2026\/09\/sochimef-xvi-congreso-aps-2026-001.jpg 760w, http:\/\/www.medicinafamiliar.cl\/mf\/wordpress\/wp-content\/uploads\/2026\/09\/sochimef-xvi-congreso-aps-2026-001-300x225.jpg 300w, http:\/\/www.medicinafamiliar.cl\/mf\/wordpress\/wp-content\/uploads\/2026\/09\/sochimef-xvi-congreso-aps-2026-001-370x278.jpg 370w, http:\/\/www.medicinafamiliar.cl\/mf\/wordpress\/wp-content\/uploads\/2026\/09\/sochimef-xvi-congreso-aps-2026-001-270x203.jpg 270w, http:\/\/www.medicinafamiliar.cl\/mf\/wordpress\/wp-content\/uploads\/2026\/09\/sochimef-xvi-congreso-aps-2026-001-570x428.jpg 570w, http:\/\/www.medicinafamiliar.cl\/mf\/wordpress\/wp-content\/uploads\/2026\/09\/sochimef-xvi-congreso-aps-2026-001-740x555.jpg 740w, http:\/\/www.medicinafamiliar.cl\/mf\/wordpress\/wp-content\/uploads\/2026\/09\/sochimef-xvi-congreso-aps-2026-001-80x60.jpg 80w\" sizes=\"auto, (max-width: 760px) 100vw, 760px\" \/><button\n\t\t\tclass=\"lightbox-trigger\"\n\t\t\ttype=\"button\"\n\t\t\taria-haspopup=\"dialog\"\n\t\t\taria-label=\"Agrandar\"\n\t\t\tdata-wp-init=\"callbacks.initTriggerButton\"\n\t\t\tdata-wp-on--click=\"actions.showLightbox\"\n\t\t\tdata-wp-style--right=\"state.imageButtonRight\"\n\t\t\tdata-wp-style--top=\"state.imageButtonTop\"\n\t\t>\n\t\t\t<svg xmlns=\"http:\/\/www.w3.org\/2000\/svg\" width=\"12\" height=\"12\" fill=\"none\" viewBox=\"0 0 12 12\">\n\t\t\t\t<path fill=\"#fff\" d=\"M2 0a2 2 0 0 0-2 2v2h1.5V2a.5.5 0 0 1 .5-.5h2V0H2Zm2 10.5H2a.5.5 0 0 1-.5-.5V8H0v2a2 2 0 0 0 2 2h2v-1.5ZM8 12v-1.5h2a.5.5 0 0 0 .5-.5V8H12v2a2 2 0 0 1-2 2H8Zm2-12a2 2 0 0 1 2 2v2h-1.5V2a.5.5 0 0 0-.5-.5H8V0h2Z\" \/>\n\t\t\t<\/svg>\n\t\t<\/button><\/figure>\n\n\n\n<figure data-wp-context=\"{&quot;imageId&quot;:&quot;6a978fad975eb&quot;}\" data-wp-interactive=\"core\/image\" data-wp-key=\"6a978fad975eb\" class=\"wp-block-image size-large wp-lightbox-container\"><img loading=\"lazy\" decoding=\"async\" width=\"760\" height=\"570\" data-wp-class--hide=\"state.isContentHidden\" data-wp-class--show=\"state.isContentVisible\" data-wp-init=\"callbacks.setButtonStyles\" data-wp-on--click=\"actions.showLightbox\" data-wp-on--load=\"callbacks.setButtonStyles\" data-wp-on-window--resize=\"callbacks.setButtonStyles\" data-id=\"5694\" src=\"https:\/\/www.medicinafamiliar.cl\/mf\/wordpress\/wp-content\/uploads\/2026\/09\/sochimef-xvi-congreso-aps-2026-004.jpg\" alt=\"\" class=\"wp-image-5694\" srcset=\"http:\/\/www.medicinafamiliar.cl\/mf\/wordpress\/wp-content\/uploads\/2026\/09\/sochimef-xvi-congreso-aps-2026-004.jpg 760w, http:\/\/www.medicinafamiliar.cl\/mf\/wordpress\/wp-content\/uploads\/2026\/09\/sochimef-xvi-congreso-aps-2026-004-300x225.jpg 300w, http:\/\/www.medicinafamiliar.cl\/mf\/wordpress\/wp-content\/uploads\/2026\/09\/sochimef-xvi-congreso-aps-2026-004-370x278.jpg 370w, http:\/\/www.medicinafamiliar.cl\/mf\/wordpress\/wp-content\/uploads\/2026\/09\/sochimef-xvi-congreso-aps-2026-004-270x203.jpg 270w, http:\/\/www.medicinafamiliar.cl\/mf\/wordpress\/wp-content\/uploads\/2026\/09\/sochimef-xvi-congreso-aps-2026-004-570x428.jpg 570w, http:\/\/www.medicinafamiliar.cl\/mf\/wordpress\/wp-content\/uploads\/2026\/09\/sochimef-xvi-congreso-aps-2026-004-740x555.jpg 740w, http:\/\/www.medicinafamiliar.cl\/mf\/wordpress\/wp-content\/uploads\/2026\/09\/sochimef-xvi-congreso-aps-2026-004-80x60.jpg 80w\" sizes=\"auto, (max-width: 760px) 100vw, 760px\" \/><button\n\t\t\tclass=\"lightbox-trigger\"\n\t\t\ttype=\"button\"\n\t\t\taria-haspopup=\"dialog\"\n\t\t\taria-label=\"Agrandar\"\n\t\t\tdata-wp-init=\"callbacks.initTriggerButton\"\n\t\t\tdata-wp-on--click=\"actions.showLightbox\"\n\t\t\tdata-wp-style--right=\"state.imageButtonRight\"\n\t\t\tdata-wp-style--top=\"state.imageButtonTop\"\n\t\t>\n\t\t\t<svg xmlns=\"http:\/\/www.w3.org\/2000\/svg\" width=\"12\" height=\"12\" fill=\"none\" viewBox=\"0 0 12 12\">\n\t\t\t\t<path fill=\"#fff\" d=\"M2 0a2 2 0 0 0-2 2v2h1.5V2a.5.5 0 0 1 .5-.5h2V0H2Zm2 10.5H2a.5.5 0 0 1-.5-.5V8H0v2a2 2 0 0 0 2 2h2v-1.5ZM8 12v-1.5h2a.5.5 0 0 0 .5-.5V8H12v2a2 2 0 0 1-2 2H8Zm2-12a2 2 0 0 1 2 2v2h-1.5V2a.5.5 0 0 0-.5-.5H8V0h2Z\" \/>\n\t\t\t<\/svg>\n\t\t<\/button><\/figure>\n\n\n\n<figure data-wp-context=\"{&quot;imageId&quot;:&quot;6a978fad97cdb&quot;}\" data-wp-interactive=\"core\/image\" data-wp-key=\"6a978fad97cdb\" class=\"wp-block-image size-large wp-lightbox-container\"><img loading=\"lazy\" decoding=\"async\" width=\"760\" height=\"570\" data-wp-class--hide=\"state.isContentHidden\" data-wp-class--show=\"state.isContentVisible\" data-wp-init=\"callbacks.setButtonStyles\" data-wp-on--click=\"actions.showLightbox\" data-wp-on--load=\"callbacks.setButtonStyles\" data-wp-on-window--resize=\"callbacks.setButtonStyles\" data-id=\"5693\" src=\"https:\/\/www.medicinafamiliar.cl\/mf\/wordpress\/wp-content\/uploads\/2026\/09\/sochimef-xvi-congreso-aps-2026-003.jpg\" alt=\"\" class=\"wp-image-5693\" srcset=\"http:\/\/www.medicinafamiliar.cl\/mf\/wordpress\/wp-content\/uploads\/2026\/09\/sochimef-xvi-congreso-aps-2026-003.jpg 760w, http:\/\/www.medicinafamiliar.cl\/mf\/wordpress\/wp-content\/uploads\/2026\/09\/sochimef-xvi-congreso-aps-2026-003-300x225.jpg 300w, http:\/\/www.medicinafamiliar.cl\/mf\/wordpress\/wp-content\/uploads\/2026\/09\/sochimef-xvi-congreso-aps-2026-003-370x278.jpg 370w, http:\/\/www.medicinafamiliar.cl\/mf\/wordpress\/wp-content\/uploads\/2026\/09\/sochimef-xvi-congreso-aps-2026-003-270x203.jpg 270w, http:\/\/www.medicinafamiliar.cl\/mf\/wordpress\/wp-content\/uploads\/2026\/09\/sochimef-xvi-congreso-aps-2026-003-570x428.jpg 570w, http:\/\/www.medicinafamiliar.cl\/mf\/wordpress\/wp-content\/uploads\/2026\/09\/sochimef-xvi-congreso-aps-2026-003-740x555.jpg 740w, http:\/\/www.medicinafamiliar.cl\/mf\/wordpress\/wp-content\/uploads\/2026\/09\/sochimef-xvi-congreso-aps-2026-003-80x60.jpg 80w\" sizes=\"auto, (max-width: 760px) 100vw, 760px\" \/><button\n\t\t\tclass=\"lightbox-trigger\"\n\t\t\ttype=\"button\"\n\t\t\taria-haspopup=\"dialog\"\n\t\t\taria-label=\"Agrandar\"\n\t\t\tdata-wp-init=\"callbacks.initTriggerButton\"\n\t\t\tdata-wp-on--click=\"actions.showLightbox\"\n\t\t\tdata-wp-style--right=\"state.imageButtonRight\"\n\t\t\tdata-wp-style--top=\"state.imageButtonTop\"\n\t\t>\n\t\t\t<svg xmlns=\"http:\/\/www.w3.org\/2000\/svg\" width=\"12\" height=\"12\" fill=\"none\" viewBox=\"0 0 12 12\">\n\t\t\t\t<path fill=\"#fff\" d=\"M2 0a2 2 0 0 0-2 2v2h1.5V2a.5.5 0 0 1 .5-.5h2V0H2Zm2 10.5H2a.5.5 0 0 1-.5-.5V8H0v2a2 2 0 0 0 2 2h2v-1.5ZM8 12v-1.5h2a.5.5 0 0 0 .5-.5V8H12v2a2 2 0 0 1-2 2H8Zm2-12a2 2 0 0 1 2 2v2h-1.5V2a.5.5 0 0 0-.5-.5H8V0h2Z\" \/>\n\t\t\t<\/svg>\n\t\t<\/button><\/figure>\n\n\n\n<figure data-wp-context=\"{&quot;imageId&quot;:&quot;6a978fad9839f&quot;}\" data-wp-interactive=\"core\/image\" data-wp-key=\"6a978fad9839f\" class=\"wp-block-image size-large wp-lightbox-container\"><img loading=\"lazy\" decoding=\"async\" width=\"760\" height=\"570\" data-wp-class--hide=\"state.isContentHidden\" data-wp-class--show=\"state.isContentVisible\" data-wp-init=\"callbacks.setButtonStyles\" data-wp-on--click=\"actions.showLightbox\" data-wp-on--load=\"callbacks.setButtonStyles\" data-wp-on-window--resize=\"callbacks.setButtonStyles\" data-id=\"5695\" src=\"https:\/\/www.medicinafamiliar.cl\/mf\/wordpress\/wp-content\/uploads\/2026\/09\/sochimef-xvi-congreso-aps-2026-002.jpg\" alt=\"\" class=\"wp-image-5695\" srcset=\"http:\/\/www.medicinafamiliar.cl\/mf\/wordpress\/wp-content\/uploads\/2026\/09\/sochimef-xvi-congreso-aps-2026-002.jpg 760w, http:\/\/www.medicinafamiliar.cl\/mf\/wordpress\/wp-content\/uploads\/2026\/09\/sochimef-xvi-congreso-aps-2026-002-300x225.jpg 300w, http:\/\/www.medicinafamiliar.cl\/mf\/wordpress\/wp-content\/uploads\/2026\/09\/sochimef-xvi-congreso-aps-2026-002-370x278.jpg 370w, http:\/\/www.medicinafamiliar.cl\/mf\/wordpress\/wp-content\/uploads\/2026\/09\/sochimef-xvi-congreso-aps-2026-002-270x203.jpg 270w, http:\/\/www.medicinafamiliar.cl\/mf\/wordpress\/wp-content\/uploads\/2026\/09\/sochimef-xvi-congreso-aps-2026-002-570x428.jpg 570w, http:\/\/www.medicinafamiliar.cl\/mf\/wordpress\/wp-content\/uploads\/2026\/09\/sochimef-xvi-congreso-aps-2026-002-740x555.jpg 740w, http:\/\/www.medicinafamiliar.cl\/mf\/wordpress\/wp-content\/uploads\/2026\/09\/sochimef-xvi-congreso-aps-2026-002-80x60.jpg 80w\" sizes=\"auto, (max-width: 760px) 100vw, 760px\" \/><button\n\t\t\tclass=\"lightbox-trigger\"\n\t\t\ttype=\"button\"\n\t\t\taria-haspopup=\"dialog\"\n\t\t\taria-label=\"Agrandar\"\n\t\t\tdata-wp-init=\"callbacks.initTriggerButton\"\n\t\t\tdata-wp-on--click=\"actions.showLightbox\"\n\t\t\tdata-wp-style--right=\"state.imageButtonRight\"\n\t\t\tdata-wp-style--top=\"state.imageButtonTop\"\n\t\t>\n\t\t\t<svg xmlns=\"http:\/\/www.w3.org\/2000\/svg\" width=\"12\" height=\"12\" fill=\"none\" viewBox=\"0 0 12 12\">\n\t\t\t\t<path fill=\"#fff\" d=\"M2 0a2 2 0 0 0-2 2v2h1.5V2a.5.5 0 0 1 .5-.5h2V0H2Zm2 10.5H2a.5.5 0 0 1-.5-.5V8H0v2a2 2 0 0 0 2 2h2v-1.5ZM8 12v-1.5h2a.5.5 0 0 0 .5-.5V8H12v2a2 2 0 0 1-2 2H8Zm2-12a2 2 0 0 1 2 2v2h-1.5V2a.5.5 0 0 0-.5-.5H8V0h2Z\" \/>\n\t\t\t<\/svg>\n\t\t<\/button><\/figure>\n<\/figure>\n","protected":false},"excerpt":{"rendered":"<p>Importante presencia y participaci\u00f3n de la Presidenta de SOCHIMEF, parte del Directorio y socios\/as en el XVI Congreso Nacional de Atenci\u00f3n Primaria, entre los d\u00edas 27 y 29 de agosto, con el lema \u201cAPS, la fuerza que mueve la salud\u201d. En esta instancia se pudo analizar qu\u00e9 desaf\u00edos est\u00e1 enfrentando APS en la actualidad. Entre [&hellip;]<\/p>\n","protected":false},"author":1,"featured_media":5692,"comment_status":"closed","ping_status":"open","sticky":false,"template":"","format":"standard","meta":{"footnotes":""},"categories":[5,2,3],"tags":[14,20,993,25,994,18,24],"class_list":["post-5691","post","type-post","status-publish","format-standard","has-post-thumbnail","hentry","category-congreso","category-noticias","category-portada","tag-aps","tag-atencion-primaria","tag-congreso-aps","tag-medicina-familiar","tag-medicos-aps","tag-mf","tag-sochimef"],"_links":{"self":[{"href":"http:\/\/www.medicinafamiliar.cl\/mf\/wordpress\/wp-json\/wp\/v2\/posts\/5691","targetHints":{"allow":["GET"]}}],"collection":[{"href":"http:\/\/www.medicinafamiliar.cl\/mf\/wordpress\/wp-json\/wp\/v2\/posts"}],"about":[{"href":"http:\/\/www.medicinafamiliar.cl\/mf\/wordpress\/wp-json\/wp\/v2\/types\/post"}],"author":[{"embeddable":true,"href":"http:\/\/www.medicinafamiliar.cl\/mf\/wordpress\/wp-json\/wp\/v2\/users\/1"}],"replies":[{"embeddable":true,"href":"http:\/\/www.medicinafamiliar.cl\/mf\/wordpress\/wp-json\/wp\/v2\/comments?post=5691"}],"version-history":[{"count":2,"href":"http:\/\/www.medicinafamiliar.cl\/mf\/wordpress\/wp-json\/wp\/v2\/posts\/5691\/revisions"}],"predecessor-version":[{"id":5698,"href":"http:\/\/www.medicinafamiliar.cl\/mf\/wordpress\/wp-json\/wp\/v2\/posts\/5691\/revisions\/5698"}],"wp:featuredmedia":[{"embeddable":true,"href":"http:\/\/www.medicinafamiliar.cl\/mf\/wordpress\/wp-json\/wp\/v2\/media\/5692"}],"wp:attachment":[{"href":"http:\/\/www.medicinafamiliar.cl\/mf\/wordpress\/wp-json\/wp\/v2\/media?parent=5691"}],"wp:term":[{"taxonomy":"category","embeddable":true,"href":"http:\/\/www.medicinafamiliar.cl\/mf\/wordpress\/wp-json\/wp\/v2\/categories?post=5691"},{"taxonomy":"post_tag","embeddable":true,"href":"http:\/\/www.medicinafamiliar.cl\/mf\/wordpress\/wp-json\/wp\/v2\/tags?post=5691"}],"curies":[{"name":"wp","href":"https:\/\/api.w.org\/{rel}","templated":true}]}}