{"id":5390,"date":"2026-02-02T15:14:03","date_gmt":"2026-02-02T19:14:03","guid":{"rendered":"https:\/\/www.medicinafamiliar.cl\/mf\/wordpress\/?p=5390"},"modified":"2026-02-02T15:15:42","modified_gmt":"2026-02-02T19:15:42","slug":"via-clinica-de-diabetes-mellitus-tipo-2-un-avance-estructural-para-la-atencion-primaria-de-salud","status":"publish","type":"post","link":"http:\/\/www.medicinafamiliar.cl\/mf\/wordpress\/2026\/02\/02\/via-clinica-de-diabetes-mellitus-tipo-2-un-avance-estructural-para-la-atencion-primaria-de-salud\/","title":{"rendered":"V\u00eda Cl\u00ednica de Diabetes Mellitus tipo 2: un avance estructural para la Atenci\u00f3n Primaria de Salud"},"content":{"rendered":"<p>La reciente presentaci\u00f3n de la V\u00eda Cl\u00ednica de Diabetes Mellitus tipo 2 para la Atenci\u00f3n Primaria de Salud constituye un hito relevante para el fortalecimiento del abordaje de esta patolog\u00eda en el primer nivel de atenci\u00f3n. Se trata de un instrumento orientado a ordenar, estandarizar y facilitar la toma de decisiones cl\u00ednicas en un contexto marcado por una alta carga asistencial, entregando criterios claros para el diagn\u00f3stico, tratamiento, seguimiento y derivaci\u00f3n de personas con diabetes mellitus tipo 2.<\/p>\n<p>El documento fue elaborado de manera colaborativa entre el Ministerio de Salud, la Organizaci\u00f3n Panamericana de la Salud y diversas sociedades cient\u00edficas \u2014entre ellas la Sociedad Chilena de Medicina Familiar (SOCHIMEF)\u2014, con el objetivo de ofrecer a los equipos de atenci\u00f3n primaria una herramienta pr\u00e1ctica, alineada con la evidencia y ajustada a la realidad del sistema p\u00fablico de salud.<\/p>\n<p>El doctor Jorge Donat, m\u00e9dico de familia, integrante de SOCHIMEF y uno de los autores de la v\u00eda cl\u00ednica, destaca que este instrumento representa un cambio sustantivo en la forma de abordar la diabetes mellitus tipo 2 desde la atenci\u00f3n primaria. \u201cNo solamente significa una gu\u00eda para lo que es la atenci\u00f3n primaria respecto a la diabetes mellitus tipo 2, sino que es un cambio. Un cambio no solo en el tratamiento, sino en la visi\u00f3n misma de lo que es la diabetes en atenci\u00f3n primaria\u201d, se\u00f1ala.<\/p>\n<p>Desde su perspectiva, uno de los principales aportes de la v\u00eda cl\u00ednica es su dise\u00f1o pr\u00e1ctico y accesible, que permite visualizar en una sola p\u00e1gina el flujo completo de manejo cl\u00ednico. Esto facilita su lectura y aplicaci\u00f3n cotidiana por parte de los equipos de salud, especialmente en escenarios de alta demanda asistencial, donde el tiempo disponible para la revisi\u00f3n de documentos extensos es limitado.<\/p>\n<p><strong>Actualizaci\u00f3n terap\u00e9utica y equidad en el acceso<br \/>\n<\/strong>A este dise\u00f1o operativo se suma la actualizaci\u00f3n del tratamiento farmacol\u00f3gico disponible en el sistema p\u00fablico, incorporando opciones alineadas con la evidencia cient\u00edfica internacional y eliminando otras que hab\u00edan generado cuestionamientos cl\u00ednicos en los \u00faltimos a\u00f1os. Este punto, seg\u00fan explica el Dr. Donat, responde a una necesidad largamente identificada por los equipos de salud. \u201cDurante mucho tiempo estuvimos limitados, no por falta de evidencia ni de capacitaci\u00f3n de los profesionales, sino por las oportunidades reales que pod\u00edamos ofrecer a los pacientes. Sab\u00edamos lo que necesitaban, pero no siempre pod\u00edamos llevarlo a cabo\u201d, afirma.<\/p>\n<p>En ese sentido, la nueva v\u00eda cl\u00ednica no solo mejora la calidad t\u00e9cnica del manejo de la diabetes mellitus tipo 2, sino que tambi\u00e9n avanza en t\u00e9rminos de equidad y acceso. \u201cHoy eso ha cambiado. Hoy hemos dado un paso al frente\u201d, enfatiza el m\u00e9dico de familia, quien agrega que esta actualizaci\u00f3n permite ofrecer a las personas con diabetes tratamientos acordes a los est\u00e1ndares utilizados a nivel internacional.<\/p>\n<p>\u201cNo solo es una oportunidad, sino tambi\u00e9n un derecho que los pacientes han ganado: el derecho a ser tratados de la mejor manera posible, sin tener que envidiar a ning\u00fan pa\u00eds de la OCDE\u201d, subraya el Dr. Donat, destacando el impacto que este avance tiene en la experiencia y el pron\u00f3stico de las personas atendidas en el sistema p\u00fablico.<\/p>\n<p><strong>Fortalecimiento del trabajo en red y enfoque colaborativo<br \/>\n<\/strong>Otro aspecto central de la v\u00eda cl\u00ednica es el fortalecimiento del trabajo en red, a trav\u00e9s de criterios claros y operativos para la derivaci\u00f3n tanto al nivel secundario como a los servicios de urgencia. Al basarse en par\u00e1metros objetivos y adaptados a la realidad nacional, el documento busca mejorar la pertinencia de las derivaciones, optimizando el uso de los recursos disponibles y favoreciendo una atenci\u00f3n m\u00e1s oportuna y coordinada.<\/p>\n<p>Finalmente, el Dr. Donat releva el car\u00e1cter colectivo del proceso y el compromiso de las distintas disciplinas involucradas en su elaboraci\u00f3n. \u201cLa v\u00eda cl\u00ednica fue el resultado de un trabajo arduo de las diferentes sociedades cient\u00edficas que participaron profundamente para dar lo mejor de s\u00ed. Estoy orgulloso de cada una de las personas que aportaron desde su \u00e1rea para lograr este objetivo final, que es mejorar la atenci\u00f3n y la calidad de vida de las personas con diabetes en nuestro pa\u00eds\u201d, concluye.<\/p>\n<p>Desde SOCHIMEF, este trabajo reafirma el compromiso con el fortalecimiento de la atenci\u00f3n primaria y el desarrollo de herramientas cl\u00ednicas pertinentes para el sistema de salud.<\/p>\n","protected":false},"excerpt":{"rendered":"<p>.<\/p>\n","protected":false},"author":1,"featured_media":5391,"comment_status":"closed","ping_status":"closed","sticky":false,"template":"","format":"standard","meta":{"footnotes":""},"categories":[133,2,3],"tags":[14,20,969,966,25,18,24,967,968],"class_list":["post-5390","post","type-post","status-publish","format-standard","has-post-thumbnail","hentry","category-articulos-sochimef","category-noticias","category-portada","tag-aps","tag-atencion-primaria","tag-diabetes-mellitus","tag-dm2","tag-medicina-familiar","tag-mf","tag-sochimef","tag-via-clinica","tag-via-clinica-dm2"],"_links":{"self":[{"href":"http:\/\/www.medicinafamiliar.cl\/mf\/wordpress\/wp-json\/wp\/v2\/posts\/5390","targetHints":{"allow":["GET"]}}],"collection":[{"href":"http:\/\/www.medicinafamiliar.cl\/mf\/wordpress\/wp-json\/wp\/v2\/posts"}],"about":[{"href":"http:\/\/www.medicinafamiliar.cl\/mf\/wordpress\/wp-json\/wp\/v2\/types\/post"}],"author":[{"embeddable":true,"href":"http:\/\/www.medicinafamiliar.cl\/mf\/wordpress\/wp-json\/wp\/v2\/users\/1"}],"replies":[{"embeddable":true,"href":"http:\/\/www.medicinafamiliar.cl\/mf\/wordpress\/wp-json\/wp\/v2\/comments?post=5390"}],"version-history":[{"count":1,"href":"http:\/\/www.medicinafamiliar.cl\/mf\/wordpress\/wp-json\/wp\/v2\/posts\/5390\/revisions"}],"predecessor-version":[{"id":5392,"href":"http:\/\/www.medicinafamiliar.cl\/mf\/wordpress\/wp-json\/wp\/v2\/posts\/5390\/revisions\/5392"}],"wp:featuredmedia":[{"embeddable":true,"href":"http:\/\/www.medicinafamiliar.cl\/mf\/wordpress\/wp-json\/wp\/v2\/media\/5391"}],"wp:attachment":[{"href":"http:\/\/www.medicinafamiliar.cl\/mf\/wordpress\/wp-json\/wp\/v2\/media?parent=5390"}],"wp:term":[{"taxonomy":"category","embeddable":true,"href":"http:\/\/www.medicinafamiliar.cl\/mf\/wordpress\/wp-json\/wp\/v2\/categories?post=5390"},{"taxonomy":"post_tag","embeddable":true,"href":"http:\/\/www.medicinafamiliar.cl\/mf\/wordpress\/wp-json\/wp\/v2\/tags?post=5390"}],"curies":[{"name":"wp","href":"https:\/\/api.w.org\/{rel}","templated":true}]}}