{"id":5125,"date":"2025-07-15T18:54:07","date_gmt":"2025-07-15T22:54:07","guid":{"rendered":"https:\/\/www.medicinafamiliar.cl\/mf\/wordpress\/?p=5125"},"modified":"2025-07-15T18:54:08","modified_gmt":"2025-07-15T22:54:08","slug":"iia-jornada-de-reflexion-en-temas-de-bioetica-para-la-atencion-primaria","status":"publish","type":"post","link":"http:\/\/www.medicinafamiliar.cl\/mf\/wordpress\/2025\/07\/15\/iia-jornada-de-reflexion-en-temas-de-bioetica-para-la-atencion-primaria\/","title":{"rendered":"IIa Jornada de reflexi\u00f3n en temas de Bio\u00e9tica para la Atenci\u00f3n Primaria."},"content":{"rendered":"<div class=\"xdj266r x14z9mp xat24cr x1lziwak x1vvkbs x126k92a\">\n<div dir=\"auto\">IIa Jornada de reflexi\u00f3n en temas de Bio\u00e9tica para la Atenci\u00f3n Primaria.<\/div>\n<div dir=\"auto\">Organizado por el grupo de trabajo de Bio\u00e9tica-SOCHIMEF Coordinadora. Dra. Carmen Nadal Agost.<\/p>\n<\/div>\n<\/div>\n<div class=\"x14z9mp xat24cr x1lziwak x1vvkbs xtlvy1s x126k92a\">\n<div dir=\"auto\">2a. Jornada:<\/div>\n<div dir=\"auto\">\u201cEutanasia en la Pr\u00e1ctica: \u00bfC\u00f3mo acompa\u00f1ar decisiones complejas? Entrevista cl\u00ednica de ayuda a la deliberaci\u00f3n\u201d<\/p>\n<\/div>\n<div dir=\"auto\"><strong>S\u00e1bado 2 de agosto del 2025 Horario: 11:00 am -12.30 pm<\/strong><\/div>\n<div dir=\"auto\">Actividad gratuita. Con cupos limitados.<\/p>\n<\/div>\n<\/div>\n<div class=\"x14z9mp xat24cr x1lziwak x1vvkbs xtlvy1s x126k92a\">\n<div dir=\"auto\">Evento on line certificado con 6 horas: 2 directas online y 4 indirectas de revisi\u00f3n de material de lectura y realizaci\u00f3n de test de selecci\u00f3n m\u00faltiple.<\/p>\n<\/div>\n<div dir=\"auto\">Inscripciones: <span class=\"html-span xdj266r x14z9mp xat24cr x1lziwak xexx8yu xyri2b x18d9i69 x1c1uobl x1hl2dhg x16tdsg8 x1vvkbs\"><a class=\"x1i10hfl xjbqb8w x1ejq31n x18oe1m7 x1sy0etr xstzfhl x972fbf x10w94by x1qhh985 x14e42zd x9f619 x1ypdohk xt0psk2 xe8uvvx xdj266r x14z9mp xat24cr x1lziwak xexx8yu xyri2b x18d9i69 x1c1uobl x16tdsg8 x1hl2dhg xggy1nq x1a2a7pz xkrqix3 x1sur9pj x1fey0fg x1s688f\" tabindex=\"0\" role=\"link\" href=\"https:\/\/forms.gle\/Yok2KCPAQy2pVdCz6?fbclid=IwZXh0bgNhZW0CMTAAYnJpZBExU0RxajV5R1BSZW9yTWNJSwEeqAt8k-9xre8C9XFAcnD8Mw4qRcV39FowZnMYJrY6drHzy1Z8P1p5UFm-MjY_aem_ojKFgHVz-Jy5Pcgu6J4eXQ\" target=\"_blank\" rel=\"nofollow noopener noreferrer\">https:\/\/forms.gle\/Yok2KCPAQy2pVdCz6<\/a><\/span><\/div>\n<\/div>\n","protected":false},"excerpt":{"rendered":"<p>.<\/p>\n","protected":false},"author":1,"featured_media":5126,"comment_status":"closed","ping_status":"closed","sticky":false,"template":"","format":"standard","meta":{"footnotes":""},"categories":[7,2,3],"tags":[14,20,723,25,18,24,943],"class_list":["post-5125","post","type-post","status-publish","format-standard","has-post-thumbnail","hentry","category-jornada","category-noticias","category-portada","tag-aps","tag-atencion-primaria","tag-gt-bioetica","tag-medicina-familiar","tag-mf","tag-sochimef","tag-temas-bioetica-aps"],"_links":{"self":[{"href":"http:\/\/www.medicinafamiliar.cl\/mf\/wordpress\/wp-json\/wp\/v2\/posts\/5125","targetHints":{"allow":["GET"]}}],"collection":[{"href":"http:\/\/www.medicinafamiliar.cl\/mf\/wordpress\/wp-json\/wp\/v2\/posts"}],"about":[{"href":"http:\/\/www.medicinafamiliar.cl\/mf\/wordpress\/wp-json\/wp\/v2\/types\/post"}],"author":[{"embeddable":true,"href":"http:\/\/www.medicinafamiliar.cl\/mf\/wordpress\/wp-json\/wp\/v2\/users\/1"}],"replies":[{"embeddable":true,"href":"http:\/\/www.medicinafamiliar.cl\/mf\/wordpress\/wp-json\/wp\/v2\/comments?post=5125"}],"version-history":[{"count":1,"href":"http:\/\/www.medicinafamiliar.cl\/mf\/wordpress\/wp-json\/wp\/v2\/posts\/5125\/revisions"}],"predecessor-version":[{"id":5127,"href":"http:\/\/www.medicinafamiliar.cl\/mf\/wordpress\/wp-json\/wp\/v2\/posts\/5125\/revisions\/5127"}],"wp:featuredmedia":[{"embeddable":true,"href":"http:\/\/www.medicinafamiliar.cl\/mf\/wordpress\/wp-json\/wp\/v2\/media\/5126"}],"wp:attachment":[{"href":"http:\/\/www.medicinafamiliar.cl\/mf\/wordpress\/wp-json\/wp\/v2\/media?parent=5125"}],"wp:term":[{"taxonomy":"category","embeddable":true,"href":"http:\/\/www.medicinafamiliar.cl\/mf\/wordpress\/wp-json\/wp\/v2\/categories?post=5125"},{"taxonomy":"post_tag","embeddable":true,"href":"http:\/\/www.medicinafamiliar.cl\/mf\/wordpress\/wp-json\/wp\/v2\/tags?post=5125"}],"curies":[{"name":"wp","href":"https:\/\/api.w.org\/{rel}","templated":true}]}}