{"id":4775,"date":"2024-11-21T18:26:47","date_gmt":"2024-11-21T22:26:47","guid":{"rendered":"https:\/\/www.medicinafamiliar.cl\/mf\/wordpress\/?p=4775"},"modified":"2024-11-21T18:43:04","modified_gmt":"2024-11-21T22:43:04","slug":"en-defensa-del-programa-de-acompanamiento-de-identidad-de-genero-sochimef-en-la-prensa","status":"publish","type":"post","link":"http:\/\/www.medicinafamiliar.cl\/mf\/wordpress\/2024\/11\/21\/en-defensa-del-programa-de-acompanamiento-de-identidad-de-genero-sochimef-en-la-prensa\/","title":{"rendered":"En defensa del programa de acompa\u00f1amiento de identidad de g\u00e9nero. SOCHIMEF en la prensa"},"content":{"rendered":"<p>Presentamos publicaci\u00f3n de carta al director en la prensa de SOCHIMEF, &#8220;En defensa del programa de acompa\u00f1amiento de identidad de g\u00e9nero.\u201d, publicado en el medio <strong>El Mostrador<\/strong> el d\u00eda 21 de noviembre de 2024, con motivo de la reciente restricci\u00f3n al Programa de Acompa\u00f1amiento de Identidad de G\u00e9nero (PAIG).<\/p>\n<p><strong>Se\u00f1or director:\u00a0<\/strong><\/p>\n<p>La reciente restricci\u00f3n al Programa de Acompa\u00f1amiento de Identidad de G\u00e9nero (PAIG), enmarcado dentro de la partida \u201cChile Crece Contigo\u201d, nos obliga a reflexionar sobre las prioridades en materia de salud p\u00fablica y derechos humanos.<\/p>\n<p>Este programa ha sido un pilar fundamental para garantizar el bienestar psicosocial de ni\u00f1os, ni\u00f1as y adolescentes que requieren un entorno de apoyo integral, y su debilitamiento representa un retroceso preocupante.<\/p>\n<p>El PAIG se ha destacado por ofrecer orientaci\u00f3n profesional multidisciplinaria, combinando asesoramiento psicol\u00f3gico y biopsicosocial para j\u00f3venes y sus familias. Sus acciones, que incluyen evaluaciones psicosociales, acompa\u00f1amiento en entornos escolares y visitas domiciliarias, tienen como objetivo central brindar un espacio seguro para el desarrollo de la identidad de g\u00e9nero.<\/p>\n<p>En este sentido, el programa no solo cumple con el art\u00edculo 23 de la Ley N\u00b021.120, que garantiza el derecho al desarrollo pleno y respetuoso de la identidad de g\u00e9nero, sino que tambi\u00e9n constituye una herramienta clave para construir una sociedad m\u00e1s inclusiva.<\/p>\n<p>Minimizar las consecuencias de la falta de acompa\u00f1amiento psicosocial para adolescentes trans y de g\u00e9nero no conforme es ignorar las barreras y desaf\u00edos que enfrentan estas comunidades. La ausencia de apoyo puede generar impactos irreparables en el curso de vida de estos j\u00f3venes, quienes ya lidian con altos niveles de discriminaci\u00f3n, exclusi\u00f3n y vulnerabilidad.<\/p>\n<p>La evidencia cient\u00edfica es clara: el acompa\u00f1amiento inclusivo y respetuoso hacia personas trans y de g\u00e9nero no conforme reduce significativamente los riesgos de da\u00f1o psicol\u00f3gico y exclusi\u00f3n social. Por ello, resulta imperativo que las autoridades no solo mantengan, sino que fortalezcan el PAIG como parte de un enfoque de salud p\u00fablica que promueva la equidad y los derechos humanos.<\/p>\n<p>Como Sociedad Chilena de Medicina Familiar, reafirmamos nuestro compromiso con el bienestar integral de las personas y hacemos un llamado urgente a proteger este programa. Las pol\u00edticas p\u00fablicas deben reflejar respeto, inclusi\u00f3n y cuidado hacia todas las diversidades presentes en nuestra sociedad. Retroceder en esta materia ser\u00eda renunciar a los principios de equidad y justicia que deben guiar cualquier sistema de salud comprometido con el bienestar de su poblaci\u00f3n.<\/p>\n<p><i>Jos\u00e9 Zamorano,<\/i><\/p>\n<p><i>vicepresidente de la Sociedad Chilena de Medicina Familiar (Sochimef)<\/i><\/p>\n<hr \/>\n<p>Publicaci\u00f3n original en El Mostrador, 21 de noviembre 2024, en el siguiente enlace:<br \/>\n<strong><span style=\"color: #0000ff;\"><a style=\"color: #0000ff;\" href=\"_wp_link_placeholder\" data-wplink-edit=\"true\">https:\/\/www.elmostrador.cl\/noticias\/opinion\/cartas\/2024\/11\/21\/en-defensa-del-programa-de-acompanamiento-de-identidad-de-genero\/<\/a><\/span><\/strong><\/p>\n","protected":false},"excerpt":{"rendered":"<p>.<\/p>\n","protected":false},"author":1,"featured_media":1057,"comment_status":"closed","ping_status":"closed","sticky":false,"template":"","format":"standard","meta":{"footnotes":""},"categories":[2,3],"tags":[913,25,18,912,24],"class_list":["post-4775","post","type-post","status-publish","format-standard","has-post-thumbnail","hentry","category-noticias","category-portada","tag-chile-crece-contigo","tag-medicina-familiar","tag-mf","tag-paig","tag-sochimef"],"_links":{"self":[{"href":"http:\/\/www.medicinafamiliar.cl\/mf\/wordpress\/wp-json\/wp\/v2\/posts\/4775","targetHints":{"allow":["GET"]}}],"collection":[{"href":"http:\/\/www.medicinafamiliar.cl\/mf\/wordpress\/wp-json\/wp\/v2\/posts"}],"about":[{"href":"http:\/\/www.medicinafamiliar.cl\/mf\/wordpress\/wp-json\/wp\/v2\/types\/post"}],"author":[{"embeddable":true,"href":"http:\/\/www.medicinafamiliar.cl\/mf\/wordpress\/wp-json\/wp\/v2\/users\/1"}],"replies":[{"embeddable":true,"href":"http:\/\/www.medicinafamiliar.cl\/mf\/wordpress\/wp-json\/wp\/v2\/comments?post=4775"}],"version-history":[{"count":2,"href":"http:\/\/www.medicinafamiliar.cl\/mf\/wordpress\/wp-json\/wp\/v2\/posts\/4775\/revisions"}],"predecessor-version":[{"id":4777,"href":"http:\/\/www.medicinafamiliar.cl\/mf\/wordpress\/wp-json\/wp\/v2\/posts\/4775\/revisions\/4777"}],"wp:featuredmedia":[{"embeddable":true,"href":"http:\/\/www.medicinafamiliar.cl\/mf\/wordpress\/wp-json\/wp\/v2\/media\/1057"}],"wp:attachment":[{"href":"http:\/\/www.medicinafamiliar.cl\/mf\/wordpress\/wp-json\/wp\/v2\/media?parent=4775"}],"wp:term":[{"taxonomy":"category","embeddable":true,"href":"http:\/\/www.medicinafamiliar.cl\/mf\/wordpress\/wp-json\/wp\/v2\/categories?post=4775"},{"taxonomy":"post_tag","embeddable":true,"href":"http:\/\/www.medicinafamiliar.cl\/mf\/wordpress\/wp-json\/wp\/v2\/tags?post=4775"}],"curies":[{"name":"wp","href":"https:\/\/api.w.org\/{rel}","templated":true}]}}