{"id":4343,"date":"2024-05-09T17:38:33","date_gmt":"2024-05-09T21:38:33","guid":{"rendered":"https:\/\/www.medicinafamiliar.cl\/mf\/wordpress\/?p=4343"},"modified":"2024-05-14T11:55:21","modified_gmt":"2024-05-14T15:55:21","slug":"invitacion-celebracion-dia-del-medico-a-familiar-region-de-valparaiso","status":"publish","type":"post","link":"http:\/\/www.medicinafamiliar.cl\/mf\/wordpress\/2024\/05\/09\/invitacion-celebracion-dia-del-medico-a-familiar-region-de-valparaiso\/","title":{"rendered":"Invitaci\u00f3n Celebraci\u00f3n D\u00eda del M\u00e9dico\/a Familiar Regi\u00f3n de Valpara\u00edso"},"content":{"rendered":"<p>La <strong>Filial Valpara\u00edso de la Sociedad Chilena de Medicina Familiar,<\/strong> convoca a inscribirse y participar de una Celebraci\u00f3n con cena bailable el d\u00eda 17 de mayo a las 20:00 hrs en la <strong>Casona El Bosque en Valpara\u00edso.<\/strong><\/p>\n<p>ULTIMOS D\u00cdAS DE INSCRIPCI\u00d3N. <span style=\"color: #ff0000;\"><strong>*PLAZO IMPOSTERGABLE VIERNES 10\/05\/2024*<\/strong><\/span> <br>NO TE QUEDES FUERA!! <br>Inscripci\u00f3n a trav\u00e9s del siguiente link:&nbsp;<a href=\"https:\/\/forms.gle\/hoG11zpz5UVz5C339\" target=\"_blank\" rel=\"noopener\" data-saferedirecturl=\"https:\/\/www.google.com\/url?q=https:\/\/forms.gle\/hoG11zpz5UVz5C339&amp;source=gmail&amp;ust=1715374243375000&amp;usg=AOvVaw18AZvVlWC_aOXy5H29AnAF\">https:\/\/forms.gle\/<wbr>hoG11zpz5UVz5C339<\/a><\/p>\n<p><\/p>\n\n\n<figure class=\"wp-block-image size-large\"><img loading=\"lazy\" decoding=\"async\" width=\"723\" height=\"1024\" src=\"https:\/\/www.medicinafamiliar.cl\/mf\/wordpress\/wp-content\/uploads\/2024\/05\/sochimef-celebracion-mf-valpo-2024-1-723x1024.jpg\" alt=\"\" class=\"wp-image-4345\" srcset=\"http:\/\/www.medicinafamiliar.cl\/mf\/wordpress\/wp-content\/uploads\/2024\/05\/sochimef-celebracion-mf-valpo-2024-1-723x1024.jpg 723w, http:\/\/www.medicinafamiliar.cl\/mf\/wordpress\/wp-content\/uploads\/2024\/05\/sochimef-celebracion-mf-valpo-2024-1-212x300.jpg 212w, http:\/\/www.medicinafamiliar.cl\/mf\/wordpress\/wp-content\/uploads\/2024\/05\/sochimef-celebracion-mf-valpo-2024-1-768x1087.jpg 768w, http:\/\/www.medicinafamiliar.cl\/mf\/wordpress\/wp-content\/uploads\/2024\/05\/sochimef-celebracion-mf-valpo-2024-1-370x524.jpg 370w, http:\/\/www.medicinafamiliar.cl\/mf\/wordpress\/wp-content\/uploads\/2024\/05\/sochimef-celebracion-mf-valpo-2024-1-270x382.jpg 270w, http:\/\/www.medicinafamiliar.cl\/mf\/wordpress\/wp-content\/uploads\/2024\/05\/sochimef-celebracion-mf-valpo-2024-1-570x807.jpg 570w, http:\/\/www.medicinafamiliar.cl\/mf\/wordpress\/wp-content\/uploads\/2024\/05\/sochimef-celebracion-mf-valpo-2024-1-740x1048.jpg 740w, http:\/\/www.medicinafamiliar.cl\/mf\/wordpress\/wp-content\/uploads\/2024\/05\/sochimef-celebracion-mf-valpo-2024-1.jpg 904w\" sizes=\"auto, (max-width: 723px) 100vw, 723px\" \/><\/figure>\n","protected":false},"excerpt":{"rendered":"<p>.<\/p>\n","protected":false},"author":1,"featured_media":4344,"comment_status":"closed","ping_status":"closed","sticky":false,"template":"","format":"standard","meta":{"footnotes":""},"categories":[2],"tags":[231,18,223],"class_list":["post-4343","post","type-post","status-publish","format-standard","has-post-thumbnail","hentry","category-noticias","tag-medicos-familiares","tag-mf","tag-region-de-valparaiso"],"_links":{"self":[{"href":"http:\/\/www.medicinafamiliar.cl\/mf\/wordpress\/wp-json\/wp\/v2\/posts\/4343","targetHints":{"allow":["GET"]}}],"collection":[{"href":"http:\/\/www.medicinafamiliar.cl\/mf\/wordpress\/wp-json\/wp\/v2\/posts"}],"about":[{"href":"http:\/\/www.medicinafamiliar.cl\/mf\/wordpress\/wp-json\/wp\/v2\/types\/post"}],"author":[{"embeddable":true,"href":"http:\/\/www.medicinafamiliar.cl\/mf\/wordpress\/wp-json\/wp\/v2\/users\/1"}],"replies":[{"embeddable":true,"href":"http:\/\/www.medicinafamiliar.cl\/mf\/wordpress\/wp-json\/wp\/v2\/comments?post=4343"}],"version-history":[{"count":2,"href":"http:\/\/www.medicinafamiliar.cl\/mf\/wordpress\/wp-json\/wp\/v2\/posts\/4343\/revisions"}],"predecessor-version":[{"id":4347,"href":"http:\/\/www.medicinafamiliar.cl\/mf\/wordpress\/wp-json\/wp\/v2\/posts\/4343\/revisions\/4347"}],"wp:featuredmedia":[{"embeddable":true,"href":"http:\/\/www.medicinafamiliar.cl\/mf\/wordpress\/wp-json\/wp\/v2\/media\/4344"}],"wp:attachment":[{"href":"http:\/\/www.medicinafamiliar.cl\/mf\/wordpress\/wp-json\/wp\/v2\/media?parent=4343"}],"wp:term":[{"taxonomy":"category","embeddable":true,"href":"http:\/\/www.medicinafamiliar.cl\/mf\/wordpress\/wp-json\/wp\/v2\/categories?post=4343"},{"taxonomy":"post_tag","embeddable":true,"href":"http:\/\/www.medicinafamiliar.cl\/mf\/wordpress\/wp-json\/wp\/v2\/tags?post=4343"}],"curies":[{"name":"wp","href":"https:\/\/api.w.org\/{rel}","templated":true}]}}