{"id":4106,"date":"2023-10-31T15:36:55","date_gmt":"2023-10-31T19:36:55","guid":{"rendered":"https:\/\/www.medicinafamiliar.cl\/mf\/wordpress\/?p=4106"},"modified":"2023-11-03T18:23:09","modified_gmt":"2023-11-03T22:23:09","slug":"dra-carolina-posada-medica-familiar-y-socia-sochimef-en-entrevista-en-radio-bio-bio-por-mes-del-cancer-de-mama","status":"publish","type":"post","link":"http:\/\/www.medicinafamiliar.cl\/mf\/wordpress\/2023\/10\/31\/dra-carolina-posada-medica-familiar-y-socia-sochimef-en-entrevista-en-radio-bio-bio-por-mes-del-cancer-de-mama\/","title":{"rendered":"Dra. Carolina Posada M\u00e9dica Familiar y socia SOCHIMEF en entrevista en Radio B\u00edo-B\u00edo por &#8220;mes del c\u00e1ncer de mama&#8221;"},"content":{"rendered":"<p>Compartimos entrevista a Dra. Carolina Posada socia SOCHIMEF, en Radio B\u00edo-B\u00edo con motivo del &#8220;mes de concientizaci\u00f3n de c\u00e1ncer de mama&#8221;, considerando que este c\u00e1ncer es la segunda causa de muerte en mujeres en Chile.<\/p>\n\n\n<figure class=\"wp-block-audio\"><audio controls src=\"https:\/\/www.medicinafamiliar.cl\/mf\/wordpress\/wp-content\/uploads\/2023\/10\/Entrevista-Carolina-Posada-Radio-Biobi\u0301o-1.mp3\"><\/audio><\/figure>\n","protected":false},"excerpt":{"rendered":"<p>.<\/p>\n","protected":false},"author":1,"featured_media":1350,"comment_status":"closed","ping_status":"closed","sticky":false,"template":"","format":"standard","meta":{"footnotes":""},"categories":[2,327],"tags":[25,840,18,24],"class_list":["post-4106","post","type-post","status-publish","format-standard","has-post-thumbnail","hentry","category-noticias","category-publicaciones-socios","tag-medicina-familiar","tag-mes-cancer-de-mama","tag-mf","tag-sochimef"],"_links":{"self":[{"href":"http:\/\/www.medicinafamiliar.cl\/mf\/wordpress\/wp-json\/wp\/v2\/posts\/4106","targetHints":{"allow":["GET"]}}],"collection":[{"href":"http:\/\/www.medicinafamiliar.cl\/mf\/wordpress\/wp-json\/wp\/v2\/posts"}],"about":[{"href":"http:\/\/www.medicinafamiliar.cl\/mf\/wordpress\/wp-json\/wp\/v2\/types\/post"}],"author":[{"embeddable":true,"href":"http:\/\/www.medicinafamiliar.cl\/mf\/wordpress\/wp-json\/wp\/v2\/users\/1"}],"replies":[{"embeddable":true,"href":"http:\/\/www.medicinafamiliar.cl\/mf\/wordpress\/wp-json\/wp\/v2\/comments?post=4106"}],"version-history":[{"count":2,"href":"http:\/\/www.medicinafamiliar.cl\/mf\/wordpress\/wp-json\/wp\/v2\/posts\/4106\/revisions"}],"predecessor-version":[{"id":4110,"href":"http:\/\/www.medicinafamiliar.cl\/mf\/wordpress\/wp-json\/wp\/v2\/posts\/4106\/revisions\/4110"}],"wp:featuredmedia":[{"embeddable":true,"href":"http:\/\/www.medicinafamiliar.cl\/mf\/wordpress\/wp-json\/wp\/v2\/media\/1350"}],"wp:attachment":[{"href":"http:\/\/www.medicinafamiliar.cl\/mf\/wordpress\/wp-json\/wp\/v2\/media?parent=4106"}],"wp:term":[{"taxonomy":"category","embeddable":true,"href":"http:\/\/www.medicinafamiliar.cl\/mf\/wordpress\/wp-json\/wp\/v2\/categories?post=4106"},{"taxonomy":"post_tag","embeddable":true,"href":"http:\/\/www.medicinafamiliar.cl\/mf\/wordpress\/wp-json\/wp\/v2\/tags?post=4106"}],"curies":[{"name":"wp","href":"https:\/\/api.w.org\/{rel}","templated":true}]}}