{"id":3924,"date":"2023-07-17T19:01:47","date_gmt":"2023-07-17T23:01:47","guid":{"rendered":"https:\/\/www.medicinafamiliar.cl\/mf\/wordpress\/?p=3924"},"modified":"2024-07-01T19:43:44","modified_gmt":"2024-07-01T23:43:44","slug":"curso-introduccion-a-la-metodologia-deliberativa-para-resolver-problemas-eticos-en-salud","status":"publish","type":"post","link":"http:\/\/www.medicinafamiliar.cl\/mf\/wordpress\/2023\/07\/17\/curso-introduccion-a-la-metodologia-deliberativa-para-resolver-problemas-eticos-en-salud\/","title":{"rendered":"Curso: Introducci\u00f3n a la metodolog\u00eda deliberativa para resolver problemas \u00e9ticos en Salud"},"content":{"rendered":"<p>PRONTO SE ABRIR\u00c1 NUEVO PROCESO DE INSCRIPCIONES<\/p>\n<p>Este curso est\u00e1 dirigido a:<br><span style=\"font-weight: 400;\">Profesionales y t\u00e9cnicos de salud que se desempe\u00f1en en el \u00e1mbito de la Atenci\u00f3n Primaria, residentes y docentes de medicina\/salud familiar.<\/span><\/p>\n<ul>\n<li>Horas pedag\u00f3gicas: 24<\/li>\n<li>Horas cronol\u00f3gicas: 18<\/li>\n<li>Modalidad: virtual, asincr\u00f3nica y sincr\u00f3nica<\/li>\n<li>Programa: [<a href=\"https:\/\/docs.google.com\/document\/d\/1IH0QdSz_qoJFyoCuGXXle-YoKMAAbsz5\/edit?usp=sharing&amp;ouid=116116841255734121217&amp;rtpof=true&amp;sd=true\">Enlace al Programa Introducci\u00f3n a la metodolog\u00eda deliberativa en Salud<\/a>]<\/li>\n<li>Fecha de inicio: 03 de agosto de 2023<\/li>\n<\/ul>\n<p>INSCRIPCIONES CERRADAS<\/p>\n<p><span style=\"color: #ff0000;\"><strong>Todos los Cursos son certificados por la Sociedad Chilena de Medicina Familiar.<\/strong><\/span><\/p>\n<p><strong>Valores:<\/strong><\/p>\n\n\n<figure class=\"wp-block-image size-full\"><img loading=\"lazy\" decoding=\"async\" width=\"946\" height=\"99\" src=\"https:\/\/www.medicinafamiliar.cl\/mf\/wordpress\/wp-content\/uploads\/2023\/07\/sochimef-curso-estrategia-deliberativa-etica.jpg\" alt=\"\" class=\"wp-image-3925\" srcset=\"http:\/\/www.medicinafamiliar.cl\/mf\/wordpress\/wp-content\/uploads\/2023\/07\/sochimef-curso-estrategia-deliberativa-etica.jpg 946w, http:\/\/www.medicinafamiliar.cl\/mf\/wordpress\/wp-content\/uploads\/2023\/07\/sochimef-curso-estrategia-deliberativa-etica-300x31.jpg 300w, http:\/\/www.medicinafamiliar.cl\/mf\/wordpress\/wp-content\/uploads\/2023\/07\/sochimef-curso-estrategia-deliberativa-etica-768x80.jpg 768w, http:\/\/www.medicinafamiliar.cl\/mf\/wordpress\/wp-content\/uploads\/2023\/07\/sochimef-curso-estrategia-deliberativa-etica-370x39.jpg 370w, http:\/\/www.medicinafamiliar.cl\/mf\/wordpress\/wp-content\/uploads\/2023\/07\/sochimef-curso-estrategia-deliberativa-etica-270x28.jpg 270w, http:\/\/www.medicinafamiliar.cl\/mf\/wordpress\/wp-content\/uploads\/2023\/07\/sochimef-curso-estrategia-deliberativa-etica-570x60.jpg 570w, http:\/\/www.medicinafamiliar.cl\/mf\/wordpress\/wp-content\/uploads\/2023\/07\/sochimef-curso-estrategia-deliberativa-etica-740x77.jpg 740w\" sizes=\"auto, (max-width: 946px) 100vw, 946px\" \/><\/figure>\n","protected":false},"excerpt":{"rendered":"<p>INSCRIPCIONES CERRADAS<\/p>\n","protected":false},"author":1,"featured_media":3927,"comment_status":"closed","ping_status":"closed","sticky":false,"template":"","format":"standard","meta":{"footnotes":""},"categories":[808,3],"tags":[25,18,813,24],"class_list":["post-3924","post","type-post","status-publish","format-standard","has-post-thumbnail","hentry","category-curso-sochimef-realizado","category-portada","tag-medicina-familiar","tag-mf","tag-problemas-eticos","tag-sochimef"],"_links":{"self":[{"href":"http:\/\/www.medicinafamiliar.cl\/mf\/wordpress\/wp-json\/wp\/v2\/posts\/3924","targetHints":{"allow":["GET"]}}],"collection":[{"href":"http:\/\/www.medicinafamiliar.cl\/mf\/wordpress\/wp-json\/wp\/v2\/posts"}],"about":[{"href":"http:\/\/www.medicinafamiliar.cl\/mf\/wordpress\/wp-json\/wp\/v2\/types\/post"}],"author":[{"embeddable":true,"href":"http:\/\/www.medicinafamiliar.cl\/mf\/wordpress\/wp-json\/wp\/v2\/users\/1"}],"replies":[{"embeddable":true,"href":"http:\/\/www.medicinafamiliar.cl\/mf\/wordpress\/wp-json\/wp\/v2\/comments?post=3924"}],"version-history":[{"count":5,"href":"http:\/\/www.medicinafamiliar.cl\/mf\/wordpress\/wp-json\/wp\/v2\/posts\/3924\/revisions"}],"predecessor-version":[{"id":4510,"href":"http:\/\/www.medicinafamiliar.cl\/mf\/wordpress\/wp-json\/wp\/v2\/posts\/3924\/revisions\/4510"}],"wp:featuredmedia":[{"embeddable":true,"href":"http:\/\/www.medicinafamiliar.cl\/mf\/wordpress\/wp-json\/wp\/v2\/media\/3927"}],"wp:attachment":[{"href":"http:\/\/www.medicinafamiliar.cl\/mf\/wordpress\/wp-json\/wp\/v2\/media?parent=3924"}],"wp:term":[{"taxonomy":"category","embeddable":true,"href":"http:\/\/www.medicinafamiliar.cl\/mf\/wordpress\/wp-json\/wp\/v2\/categories?post=3924"},{"taxonomy":"post_tag","embeddable":true,"href":"http:\/\/www.medicinafamiliar.cl\/mf\/wordpress\/wp-json\/wp\/v2\/tags?post=3924"}],"curies":[{"name":"wp","href":"https:\/\/api.w.org\/{rel}","templated":true}]}}