{"id":2322,"date":"2021-10-02T17:09:51","date_gmt":"2021-10-02T20:09:51","guid":{"rendered":"http:\/\/www.medicinafamiliar.cl\/mf\/wordpress\/?p=2322"},"modified":"2021-10-02T17:12:09","modified_gmt":"2021-10-02T20:12:09","slug":"carta-al-ministro-de-salud-sr-enrique-paris-por-del-termino-del-financiamiento-de-las-acciones-de-trazabilidad-y-seguimiento-en-aps","status":"publish","type":"post","link":"http:\/\/www.medicinafamiliar.cl\/mf\/wordpress\/2021\/10\/02\/carta-al-ministro-de-salud-sr-enrique-paris-por-del-termino-del-financiamiento-de-las-acciones-de-trazabilidad-y-seguimiento-en-aps\/","title":{"rendered":"Carta al Ministro de Salud Sr. Enrique Paris por  t\u00e9rmino del financiamiento de las acciones de trazabilidad y seguimiento en APS"},"content":{"rendered":"<p style=\"text-align: justify;\">Estimado Dr. Enrique Paris, Ministro de Salud de Chile<\/p>\n<p style=\"text-align: justify;\">El pasado 30 de septiembre de 2021 se inform\u00f3 a los Directores de Salud de las comunas de la Regi\u00f3n Metropolitana y del pa\u00eds <strong>del t\u00e9rmino del financiamiento de las acciones de trazabilidad y seguimiento en la Atenci\u00f3n Primaria de Salud (APS),<\/strong> vulnerando nuevamente la salud p\u00fablica del pa\u00eds y de paso, desvinculando a funcionarios de salud que han sido esenciales para el control de la pandemia.<\/p>\n<p style=\"text-align: justify;\"><strong>El sistema sanitario, y particularmente la atenci\u00f3n primaria, es un elemento clave para abordar las inequidades en exposici\u00f3n y vulnerabilidad diferencial al COVID-19<\/strong>. Tan temprano como el primero de abril de 2020 el Consejo Asesor del Minsal suger\u00eda de manera conjunta <em>una modalidad de trabajo integrado entre las \u00e1reas de epidemiolog\u00eda y redes asistenciales<\/em>, solicitando <em>fortalecer un proceso de an\u00e1lisis epidemiol\u00f3gico descentralizado y participativo<\/em>, <em>e incorporando a alcaldes y otros organismos regionales en la respuesta a la epidemia<a href=\"#_ftn1\" name=\"_ftnref1\"><strong>[1]<\/strong><\/a>. <\/em>A pesar de lo anterior, reci\u00e9n en julio de 2020 se incorpor\u00f3 de manera formal a la APS y se decret\u00f3 la transferencia de recursos monetarios a los establecimientos para efectuar las acciones de trazabilidad<a href=\"#_ftn2\" name=\"_ftnref2\">[2]<\/a><a href=\"#_ftn3\" name=\"_ftnref3\">[3]<\/a><a href=\"#_ftn4\" name=\"_ftnref4\">[4]<\/a>. Antes de ello, las acciones preventivas fueron centralizadas y ejecutadas en las Seremi de salud regionales con resultados desfavorables. Posteriormente, en marzo de 2021, y justo antes de la segunda ola invernal, la autoridad sanitaria volv\u00eda a centralizar la investigaci\u00f3n epidemiol\u00f3gica de los casos a nivel regional<a href=\"#_ftn5\" name=\"_ftnref5\">[5]<\/a>, <strong>siendo esta \u00faltima una intervenci\u00f3n clave, tiempo dependiente y con un fuerte componente territorial.<\/strong><\/p>\n<p style=\"text-align: justify;\">Los municipios han entregado cientos de apoyos en alimentaci\u00f3n y art\u00edculos de higiene para lograr que las personas hagan sus cuarentenas. Tambi\u00e9n, se han encontrado otros cientos de casos de COVID-19 agravando su condici\u00f3n de salud en los domicilios y se les ha entregado asistencia m\u00e9dica anticipada, antes de acudir a los centros de salud y evitando nuevos contagios<strong>. Para el cumplimiento de estas funciones han sido esenciales los equipos locales de APS<\/strong>. El t\u00e9rmino de las acciones de seguimiento trae como consecuencia un debilitamiento de estas acciones, un inminente aumento de los contagios en familias, escuelas y trabajos, y el posterior colapso de la red sanitaria.<\/p>\n<p style=\"text-align: justify;\">A pesar de los consejos de expertos de sociedades cient\u00edficas, epidemi\u00f3logos\/as y salubristas del pa\u00eds, una vez m\u00e1s se hipoteca la posibilidad de controlar la transmisi\u00f3n de los casos desde el territorio. <strong>Sabemos qui\u00e9nes pagar\u00e1n los platos rotos en un pa\u00eds social y econ\u00f3micamente tan desigual como Chile.<\/strong> Fuera de cualquier romanticismo ideol\u00f3gico, la gesti\u00f3n local de la APS, el enfoque en los determinantes sociales de la salud y la territorialidad son herramientas clave para cualquier intervenci\u00f3n sanitaria de alcance universal que se pretenda instalar en Chile. La erradicaci\u00f3n de la viruela, la ca\u00edda en la desnutrici\u00f3n y mortalidad materno-infantil, el control del c\u00f3lera y el tifus, la reducci\u00f3n de las muertes por enfermedad respiratoria en ni\u00f1os y ni\u00f1as; <strong>todos ellos son ejemplos de que la APS de base territorial es y ser\u00e1 el lugar donde montar las acciones preventivas y promocionales. <\/strong><\/p>\n<p style=\"text-align: justify;\">La Sociedad Chilena de Medicina Familiar particip\u00f3 activamente en la mesa para el fondo extraordinario de salud de dos mil millones de d\u00f3lares que realiz\u00f3 la C\u00e1mara de Diputadas y Diputados de la Rep\u00fablica de Chile<strong>. Nuestras propuestas est\u00e1n recogidas en ese documento que est\u00e1 en sus manos<\/strong>. En sus manos est\u00e1, tambi\u00e9n, retomar el trabajo conjunto y coordinado con la APS, que usted mismo inici\u00f3 cuando asumi\u00f3 su trabajo como Ministro de Salud.<\/p>\n<p>Atentamente,<\/p>\n<p><strong>Camilo Becerra Rodr\u00edguez<br \/>\n<\/strong><strong>Sociedad Chilena de Medicina Familiar<\/strong><\/p>\n<p><strong>Directorio<br \/>\nSociedad Chilena de Medicina Familiar<\/strong><\/p>\n<hr \/>\n<p><a href=\"#_ftnref1\" name=\"_ftn1\">[1]<\/a> <a href=\"https:\/\/www.zotero.org\/google-docs\/?Plmn8a\">Consejo asesor COVID-19. Consejo asesor COVID-19 &#8211; Ministerio de Salud Chile &#8211; Minuta reuni\u00f3n interna, mi\u00e9rcoles 1 abril 2020 [Internet]. 2021. Disponible en: https:\/\/drive.google.com\/file\/d\/14v_mMPMF4Oq9iriD8Hbhfl3uax2QiKuk\/view<\/a><\/p>\n<p><a href=\"#_ftnref2\" name=\"_ftn2\">[2]<\/a>Carolina Jorquera Vasquez. El Plan de Acci\u00f3n COVID-19: LA ESTRATEGIA CHILENA &#8211; Serie Minutas N\u00b0 81 -20 [Internet]. Biblioteca del Congreso Nacional; 2020. Disponible en: <a href=\"https:\/\/www.bcn.cl\/asesoriasparlamentarias\/detalle_documento.html?id=76527\">https:\/\/www.bcn.cl\/asesoriasparlamentarias\/detalle_documento.html?id=76527<\/a><\/p>\n<p><a href=\"#_ftnref3\" name=\"_ftn3\">[3]<\/a> Alicia Arias-Schreiber Mu\u00f1oz, Lilian Fern\u00e1ndez Fern\u00e1ndez, Francisca Crispi Galleguillos, Ingrid Kremser Ruiz, Macarena Moral L\u00f3pez. Monitoreo de la Estrategia de Testeo, Trazabilidad y Aislamiento para COVID-19 en establecimientos de Atenci\u00f3n Primaria en Chile. Rev Chil Med Fam [Internet]. 2020;15(2). Disponible en: http:\/\/revistachilenademedicinafamiliar.cl\/index.php\/sochimef\/issue\/view\/43<\/p>\n<p><a href=\"#_ftnref4\" name=\"_ftn4\">[4]<\/a> Departamento de Epidemiolog\u00eda Ministerio de Salud Chile. Protocolo de coordinaci\u00f3n para acciones de vigilancia epidemiol\u00f3gica durante la pandemia covid-19 en chile: estrategia nacional de testeo, trazabilidad y aislamiento [Internet]. 2020. Disponible en: https:\/\/www.minsal.cl\/wp-content\/uploads\/2020\/07\/Estrategia-Testeo-Trazabilidad-y-Aislamiento.pdf<\/p>\n<p><a href=\"#_ftnref5\" name=\"_ftn5\">[5]<\/a> <a href=\"https:\/\/www.zotero.org\/google-docs\/?Plmn8a\">Ministerio de Salud Chile \/ Enrique Paris Mancilla. Ordinario A1\/N<sup>o<\/sup>793 Env\u00eda \u00abGu\u00eda de la Estrategia Nacional de Testeo, Trazabilidad y Aislamiento COVID-19\u00bb. 2021.<\/a><\/p>\n<p><strong>Ver carta en PDF: <a href=\"http:\/\/www.medicinafamiliar.cl\/mf\/wordpress\/wp-content\/uploads\/2021\/10\/Carta-al-Ministro-de-Salud-Sr-Enrique-Paris-por-termino-tta-en-aps.pdf\" target=\"_blank\" rel=\"noopener noreferrer\">Carta al Ministro de Salud Sr. Enrique Paris por del t\u00e9rmino del financiamiento de las acciones de trazabilidad y seguimiento en APS<\/a><\/strong><\/p>\n","protected":false},"excerpt":{"rendered":"<p>.<\/p>\n","protected":false},"author":1,"featured_media":1350,"comment_status":"closed","ping_status":"closed","sticky":false,"template":"","format":"standard","meta":{"footnotes":""},"categories":[2,3],"tags":[14,126,155,555,556,62,557,139],"class_list":["post-2322","post","type-post","status-publish","format-standard","has-post-thumbnail","hentry","category-noticias","category-portada","tag-aps","tag-atencion-primaria-pandemia","tag-estrategia-tta","tag-ministro-de-salud","tag-ministro-enrique-paris","tag-pandemia","tag-termino-financiamiento-tta-2","tag-tta"],"_links":{"self":[{"href":"http:\/\/www.medicinafamiliar.cl\/mf\/wordpress\/wp-json\/wp\/v2\/posts\/2322","targetHints":{"allow":["GET"]}}],"collection":[{"href":"http:\/\/www.medicinafamiliar.cl\/mf\/wordpress\/wp-json\/wp\/v2\/posts"}],"about":[{"href":"http:\/\/www.medicinafamiliar.cl\/mf\/wordpress\/wp-json\/wp\/v2\/types\/post"}],"author":[{"embeddable":true,"href":"http:\/\/www.medicinafamiliar.cl\/mf\/wordpress\/wp-json\/wp\/v2\/users\/1"}],"replies":[{"embeddable":true,"href":"http:\/\/www.medicinafamiliar.cl\/mf\/wordpress\/wp-json\/wp\/v2\/comments?post=2322"}],"version-history":[{"count":8,"href":"http:\/\/www.medicinafamiliar.cl\/mf\/wordpress\/wp-json\/wp\/v2\/posts\/2322\/revisions"}],"predecessor-version":[{"id":2331,"href":"http:\/\/www.medicinafamiliar.cl\/mf\/wordpress\/wp-json\/wp\/v2\/posts\/2322\/revisions\/2331"}],"wp:featuredmedia":[{"embeddable":true,"href":"http:\/\/www.medicinafamiliar.cl\/mf\/wordpress\/wp-json\/wp\/v2\/media\/1350"}],"wp:attachment":[{"href":"http:\/\/www.medicinafamiliar.cl\/mf\/wordpress\/wp-json\/wp\/v2\/media?parent=2322"}],"wp:term":[{"taxonomy":"category","embeddable":true,"href":"http:\/\/www.medicinafamiliar.cl\/mf\/wordpress\/wp-json\/wp\/v2\/categories?post=2322"},{"taxonomy":"post_tag","embeddable":true,"href":"http:\/\/www.medicinafamiliar.cl\/mf\/wordpress\/wp-json\/wp\/v2\/tags?post=2322"}],"curies":[{"name":"wp","href":"https:\/\/api.w.org\/{rel}","templated":true}]}}