{"id":2237,"date":"2021-09-22T19:04:02","date_gmt":"2021-09-22T22:04:02","guid":{"rendered":"http:\/\/www.medicinafamiliar.cl\/mf\/wordpress\/?p=2237"},"modified":"2023-06-12T19:08:15","modified_gmt":"2023-06-12T23:08:15","slug":"curso-cuidados-paliativos-basicos-para-atencion-primaria-de-salud-version-2-2021","status":"publish","type":"post","link":"http:\/\/www.medicinafamiliar.cl\/mf\/wordpress\/2021\/09\/22\/curso-cuidados-paliativos-basicos-para-atencion-primaria-de-salud-version-2-2021\/","title":{"rendered":"Curso Cuidados Paliativos b\u00e1sicos para Atenci\u00f3n Primaria de salud Versi\u00f3n 2-2021"},"content":{"rendered":"<p><strong><span style=\"color: #ff0000;\">CUPOS COMPLETOS\u00a0<\/span><\/strong><strong>\u00a0<\/strong><\/p>\n<p><strong>Dirigido a:\u00a0<\/strong>M\u00e9dicos Familiares, M\u00e9dicos generales, profesionales de la salud que se desempe\u00f1an en labores de cuidados paliativos en el contexto de atenci\u00f3n ambulatoria de salud.<\/p>\n<p>Estudiantes e internos de medicina con inter\u00e9s en la atenci\u00f3n primaria y en los cuidados paliativos.<\/p>\n<p><strong>Duraci\u00f3n del curso:\u00a0<\/strong>30 horas pedag\u00f3gicas<\/p>\n<p><strong>Modalidad:\u00a0<\/strong>e-learning<\/p>\n<p><strong>Fechas y horarios<\/strong>: 15 Octubre al 11 Noviembre 2021.<\/p>\n<p style=\"font-weight: 400;\"><strong>Cupos disponibles: 60 cupos<\/strong><strong><br \/>\n<\/strong><\/p>\n<p>Ver Programa: <span style=\"color: #000080;\"><a style=\"color: #000080;\" href=\"http:\/\/www.medicinafamiliar.cl\/mf\/wordpress\/wp-content\/uploads\/2021\/09\/Curso-Cuidados-paliativos-2021-2.pdf\" target=\"_blank\" rel=\"noopener noreferrer\"><strong>Programa Curso Cuidados Paliativos B\u00e1sicos<\/strong><\/a><a id=\"e74cf182-9652-4dfb-bb6c-3f5450b199b3\" title=\"View this pdf file\" href=\"https:\/\/docs.google.com\/viewer?url=http%3A%2F%2Fwww.medicinafamiliar.cl%2Fmf%2Fwordpress%2Fwp-content%2Fuploads%2F2021%2F09%2FCurso-Cuidados-paliativos-2021-2.pdf&amp;embedded=true&amp;chrome=false&amp;dov=1\"><img decoding=\"async\" style=\"margin-left: 3px; width: 16px; height: 16px;\" src=\"chrome-extension:\/\/gmpljdlgcdkljlppaekciacdmdlhfeon\/images\/beside-link-icon.svg\" \/><\/a><\/span><\/p>\n<p><strong>Valores de inscripci\u00f3n:<\/strong><\/p>\n<table>\n<tbody>\n<tr>\n<td width=\"318\"><strong>\u00a0<\/strong><\/td>\n<td width=\"318\"><strong>Valor<\/strong><\/td>\n<\/tr>\n<tr>\n<td width=\"318\"><strong>M\u00e9dicos socios SOCHIMEF<\/strong><\/td>\n<td width=\"318\">$30.000<\/td>\n<\/tr>\n<tr>\n<td width=\"318\"><strong>M\u00e9dicos no socios<\/strong><\/td>\n<td width=\"318\">$60.000<\/td>\n<\/tr>\n<tr>\n<td width=\"318\"><strong>Otros profesionales<\/strong><\/td>\n<td width=\"318\">$40.000<\/td>\n<\/tr>\n<tr>\n<td width=\"318\"><strong>Estudiantes e internos de medicina<\/strong><\/td>\n<td width=\"318\">$20.000<\/td>\n<\/tr>\n<\/tbody>\n<\/table>\n","protected":false},"excerpt":{"rendered":"<p>CUPOS COMPLETOS<\/p>\n","protected":false},"author":1,"featured_media":2371,"comment_status":"closed","ping_status":"closed","sticky":false,"template":"","format":"standard","meta":{"footnotes":""},"categories":[808,3],"tags":[14,338,536,28,537],"class_list":["post-2237","post","type-post","status-publish","format-standard","has-post-thumbnail","hentry","category-curso-sochimef-realizado","category-portada","tag-aps","tag-atencion-primaria-en-salud","tag-cuidados-paliativos-en-aps","tag-curso-cuidados-paliativos","tag-curso-cuidados-paliativos-basicos"],"_links":{"self":[{"href":"http:\/\/www.medicinafamiliar.cl\/mf\/wordpress\/wp-json\/wp\/v2\/posts\/2237","targetHints":{"allow":["GET"]}}],"collection":[{"href":"http:\/\/www.medicinafamiliar.cl\/mf\/wordpress\/wp-json\/wp\/v2\/posts"}],"about":[{"href":"http:\/\/www.medicinafamiliar.cl\/mf\/wordpress\/wp-json\/wp\/v2\/types\/post"}],"author":[{"embeddable":true,"href":"http:\/\/www.medicinafamiliar.cl\/mf\/wordpress\/wp-json\/wp\/v2\/users\/1"}],"replies":[{"embeddable":true,"href":"http:\/\/www.medicinafamiliar.cl\/mf\/wordpress\/wp-json\/wp\/v2\/comments?post=2237"}],"version-history":[{"count":15,"href":"http:\/\/www.medicinafamiliar.cl\/mf\/wordpress\/wp-json\/wp\/v2\/posts\/2237\/revisions"}],"predecessor-version":[{"id":3860,"href":"http:\/\/www.medicinafamiliar.cl\/mf\/wordpress\/wp-json\/wp\/v2\/posts\/2237\/revisions\/3860"}],"wp:featuredmedia":[{"embeddable":true,"href":"http:\/\/www.medicinafamiliar.cl\/mf\/wordpress\/wp-json\/wp\/v2\/media\/2371"}],"wp:attachment":[{"href":"http:\/\/www.medicinafamiliar.cl\/mf\/wordpress\/wp-json\/wp\/v2\/media?parent=2237"}],"wp:term":[{"taxonomy":"category","embeddable":true,"href":"http:\/\/www.medicinafamiliar.cl\/mf\/wordpress\/wp-json\/wp\/v2\/categories?post=2237"},{"taxonomy":"post_tag","embeddable":true,"href":"http:\/\/www.medicinafamiliar.cl\/mf\/wordpress\/wp-json\/wp\/v2\/tags?post=2237"}],"curies":[{"name":"wp","href":"https:\/\/api.w.org\/{rel}","templated":true}]}}