{"id":2188,"date":"2021-09-07T18:39:37","date_gmt":"2021-09-07T21:39:37","guid":{"rendered":"http:\/\/www.medicinafamiliar.cl\/mf\/wordpress\/?p=2188"},"modified":"2021-09-07T18:39:39","modified_gmt":"2021-09-07T21:39:39","slug":"falta-tiempo-experiencias-de-medicos-gestores-de-la-demanda-en-la-atencion-primaria-de-salud-chilena","status":"publish","type":"post","link":"http:\/\/www.medicinafamiliar.cl\/mf\/wordpress\/2021\/09\/07\/falta-tiempo-experiencias-de-medicos-gestores-de-la-demanda-en-la-atencion-primaria-de-salud-chilena\/","title":{"rendered":"\u00abFalta tiempo\u00bb: experiencias de m\u00e9dicos gestores de la demanda en la atenci\u00f3n primaria de salud chilena."},"content":{"rendered":"<p>Compartimos este interesante trabajo de investigaci\u00f3n liderado por nuestro socio <strong>Dr. Jonathan Troncoso<\/strong>, publicado en la <strong>Revista \u201cAtenci\u00f3n Primaria\u201d Elsevier Espa\u00f1a<\/strong>.<\/p>\n<p>Ver:\u00a0 <a href=\"https:\/\/www.sciencedirect.com\/science\/article\/pii\/S0212656721001931\" target=\"_blank\" rel=\"noopener noreferrer\">https:\/\/www.sciencedirect.com\/science\/article\/pii\/S0212656721001931<\/a><\/p>\n<p>\u00abFalta tiempo\u00bb: experiencias de m\u00e9dicos gestores de la demanda en la atenci\u00f3n primaria de salud chilena.<\/p>\n<p>A continuaci\u00f3n dejamos en formato<strong>\u00a0PDF<\/strong> el art\u00edculo completo: <a href=\"http:\/\/www.medicinafamiliar.cl\/mf\/wordpress\/wp-content\/uploads\/2021\/09\/1-s2.0-S0212656721001931-main.pdf\" target=\"_blank\" rel=\"noopener noreferrer\">Falta de Tiempo<\/a><\/p>\n","protected":false},"excerpt":{"rendered":"<p>.<\/p>\n","protected":false},"author":1,"featured_media":2192,"comment_status":"closed","ping_status":"closed","sticky":false,"template":"","format":"standard","meta":{"footnotes":""},"categories":[3,327],"tags":[14,20,513,515,514,329,512],"class_list":["post-2188","post","type-post","status-publish","format-standard","has-post-thumbnail","hentry","category-portada","category-publicaciones-socios","tag-aps","tag-atencion-primaria","tag-dr-jonathan-troncoso","tag-experiencias-de-medicos-gestores","tag-falta-de-tiempo","tag-revista-atencion-primaria","tag-revista-elsevier"],"_links":{"self":[{"href":"http:\/\/www.medicinafamiliar.cl\/mf\/wordpress\/wp-json\/wp\/v2\/posts\/2188","targetHints":{"allow":["GET"]}}],"collection":[{"href":"http:\/\/www.medicinafamiliar.cl\/mf\/wordpress\/wp-json\/wp\/v2\/posts"}],"about":[{"href":"http:\/\/www.medicinafamiliar.cl\/mf\/wordpress\/wp-json\/wp\/v2\/types\/post"}],"author":[{"embeddable":true,"href":"http:\/\/www.medicinafamiliar.cl\/mf\/wordpress\/wp-json\/wp\/v2\/users\/1"}],"replies":[{"embeddable":true,"href":"http:\/\/www.medicinafamiliar.cl\/mf\/wordpress\/wp-json\/wp\/v2\/comments?post=2188"}],"version-history":[{"count":4,"href":"http:\/\/www.medicinafamiliar.cl\/mf\/wordpress\/wp-json\/wp\/v2\/posts\/2188\/revisions"}],"predecessor-version":[{"id":2194,"href":"http:\/\/www.medicinafamiliar.cl\/mf\/wordpress\/wp-json\/wp\/v2\/posts\/2188\/revisions\/2194"}],"wp:featuredmedia":[{"embeddable":true,"href":"http:\/\/www.medicinafamiliar.cl\/mf\/wordpress\/wp-json\/wp\/v2\/media\/2192"}],"wp:attachment":[{"href":"http:\/\/www.medicinafamiliar.cl\/mf\/wordpress\/wp-json\/wp\/v2\/media?parent=2188"}],"wp:term":[{"taxonomy":"category","embeddable":true,"href":"http:\/\/www.medicinafamiliar.cl\/mf\/wordpress\/wp-json\/wp\/v2\/categories?post=2188"},{"taxonomy":"post_tag","embeddable":true,"href":"http:\/\/www.medicinafamiliar.cl\/mf\/wordpress\/wp-json\/wp\/v2\/tags?post=2188"}],"curies":[{"name":"wp","href":"https:\/\/api.w.org\/{rel}","templated":true}]}}