{"id":2152,"date":"2021-08-27T22:07:01","date_gmt":"2021-08-28T01:07:01","guid":{"rendered":"http:\/\/www.medicinafamiliar.cl\/mf\/wordpress\/?p=2152"},"modified":"2021-08-27T22:13:23","modified_gmt":"2021-08-28T01:13:23","slug":"compartiendo-experiencias-de-respuesta-a-covid19-desde-los-equipos-de-aps-en-chile-y-peru","status":"publish","type":"post","link":"http:\/\/www.medicinafamiliar.cl\/mf\/wordpress\/2021\/08\/27\/compartiendo-experiencias-de-respuesta-a-covid19-desde-los-equipos-de-aps-en-chile-y-peru\/","title":{"rendered":"Compartiendo experiencias de respuesta a Covid19 desde los equipos de APS en Chile y Per\u00fa"},"content":{"rendered":"<p>Pandemia por Covid19. En el marco de esta pandemia prolongada, hoy se reconoce que uno de los elementos clave de la respuesta es la efectiva integraci\u00f3n de todos los equipos de salud incluyendo una fuerte prioridad por las medidas de salud p\u00fablica y la acci\u00f3n territorial impulsada por equipos de atenci\u00f3n primaria (primer nivel de atenci\u00f3n).<\/p>\n<p>En Chile y en Per\u00fa los equipos del primer nivel de atenci\u00f3n generaron respuestas adaptadas a la realidad local que han sido visibilizadas y difundidas por las comunidades de pr\u00e1ctica de ambos pa\u00edses con el apoyo de OPS.<\/p>\n<p>En el presente WEBINAR se compartir\u00e1n en un mismo evento experiencias de ambos pa\u00edses, destacando el esfuerzo de los equipos por identificar \u00e1reas de innovaci\u00f3n que apunten al fortalecimiento de la atenci\u00f3n primaria como respuesta a la pandemia.<\/p>\n<p>Lugar: On LINE<\/p>\n<p>D\u00eda: S\u00e1bado 28 de agosto en la ma\u00f1ana.<\/p>\n<p>Hora: 9 am a 11 am (horas de Lima)\/ 10 am a 12 m (horas de Santiago).<\/p>\n<p>MAS INFORMACI\u00d3N EN: <a href=\"https:\/\/www.paho.org\/es\/eventos\/compartiendo-experiencias-respuesta-covid19-desde-equipos-atencion-primaria-salud-chile\" target=\"_blank\" rel=\"noopener noreferrer\">https:\/\/www.paho.org\/es\/eventos\/compartiendo-experiencias-respuesta-covid19-desde-equipos-atencion-primaria-salud-chile<\/a><\/p>\n","protected":false},"excerpt":{"rendered":"<p>S\u00e1bado 28, 10 am Chile.<\/p>\n","protected":false},"author":1,"featured_media":2153,"comment_status":"closed","ping_status":"closed","sticky":false,"template":"","format":"standard","meta":{"footnotes":""},"categories":[2,3],"tags":[14,400,399],"class_list":["post-2152","post","type-post","status-publish","format-standard","has-post-thumbnail","hentry","category-noticias","category-portada","tag-aps","tag-comunidad-de-practicas","tag-paho"],"_links":{"self":[{"href":"http:\/\/www.medicinafamiliar.cl\/mf\/wordpress\/wp-json\/wp\/v2\/posts\/2152","targetHints":{"allow":["GET"]}}],"collection":[{"href":"http:\/\/www.medicinafamiliar.cl\/mf\/wordpress\/wp-json\/wp\/v2\/posts"}],"about":[{"href":"http:\/\/www.medicinafamiliar.cl\/mf\/wordpress\/wp-json\/wp\/v2\/types\/post"}],"author":[{"embeddable":true,"href":"http:\/\/www.medicinafamiliar.cl\/mf\/wordpress\/wp-json\/wp\/v2\/users\/1"}],"replies":[{"embeddable":true,"href":"http:\/\/www.medicinafamiliar.cl\/mf\/wordpress\/wp-json\/wp\/v2\/comments?post=2152"}],"version-history":[{"count":2,"href":"http:\/\/www.medicinafamiliar.cl\/mf\/wordpress\/wp-json\/wp\/v2\/posts\/2152\/revisions"}],"predecessor-version":[{"id":2155,"href":"http:\/\/www.medicinafamiliar.cl\/mf\/wordpress\/wp-json\/wp\/v2\/posts\/2152\/revisions\/2155"}],"wp:featuredmedia":[{"embeddable":true,"href":"http:\/\/www.medicinafamiliar.cl\/mf\/wordpress\/wp-json\/wp\/v2\/media\/2153"}],"wp:attachment":[{"href":"http:\/\/www.medicinafamiliar.cl\/mf\/wordpress\/wp-json\/wp\/v2\/media?parent=2152"}],"wp:term":[{"taxonomy":"category","embeddable":true,"href":"http:\/\/www.medicinafamiliar.cl\/mf\/wordpress\/wp-json\/wp\/v2\/categories?post=2152"},{"taxonomy":"post_tag","embeddable":true,"href":"http:\/\/www.medicinafamiliar.cl\/mf\/wordpress\/wp-json\/wp\/v2\/tags?post=2152"}],"curies":[{"name":"wp","href":"https:\/\/api.w.org\/{rel}","templated":true}]}}